{"id":19075,"date":"2025-06-02T17:18:39","date_gmt":"2025-06-02T20:18:39","guid":{"rendered":"https:\/\/blogdodanielgalvao.com.br\/site\/?p=19075"},"modified":"2025-06-02T17:21:04","modified_gmt":"2025-06-02T20:21:04","slug":"acolhimento-familiar-e-tema-em-cabo-frio-e-reforca-a-importancia-de-um-lar-seguro-para-criancas-e-jovens","status":"publish","type":"post","link":"https:\/\/blogdodanielgalvao.com.br\/site\/acolhimento-familiar-e-tema-em-cabo-frio-e-reforca-a-importancia-de-um-lar-seguro-para-criancas-e-jovens\/","title":{"rendered":"Acolhimento Familiar \u00e9 tema em Cabo Frio e refor\u00e7a a import\u00e2ncia de um lar seguro para crian\u00e7as e jovens"},"content":{"rendered":"<p>A Prefeitura de Cabo Frio, por meio da Secretaria de Assist\u00eancia Social e da Coordenadoria-Geral da Crian\u00e7a e do Adolescente (COGECRIA), destaca a import\u00e2ncia do 31 de maio \u2014 data em que se celebra o Dia Mundial do Acolhimento Familiar. A iniciativa visa sensibilizar a popula\u00e7\u00e3o sobre o direito fundamental de crian\u00e7as e adolescentes a viverem em um ambiente familiar seguro e acolhedor.<\/p>\n<p>O munic\u00edpio mant\u00e9m o servi\u00e7o \u201cFam\u00edlia Acolhedora\u201d em funcionamento, e est\u00e1 com inscri\u00e7\u00f5es abertas para fam\u00edlias interessadas em participar. O coordenador-geral da COGECRIA, \u00c2ngelo Azevedo, refor\u00e7a que qualquer tipo de composi\u00e7\u00e3o familiar pode se cadastrar, inclusive adultos solteiros. O processo \u00e9 simples e acess\u00edvel.<\/p>\n<p>\u201cO acolhimento familiar oferece uma conviv\u00eancia afetiva e protetiva, essencial para o desenvolvimento de crian\u00e7as que vivenciaram situa\u00e7\u00f5es de neglig\u00eancia ou viol\u00eancia. A proposta \u00e9 proporcionar um cuidado mais pr\u00f3ximo e humanizado, respeitando o tempo e as necessidades individuais de cada crian\u00e7a\u201d, afirma o coordenador.<\/p>\n<p>Fam\u00edlias que desejarem participar do programa podem preencher um pr\u00e9-cadastro por meio do link: <strong><u><a href=\"https:\/\/docs.google.com\/forms\/d\/1G_67UY-C3rKa30cQg1I7J2X_R4uqmRGjkeGrKxMI4Eg\/viewform?pli=1&amp;pli=1&amp;edit_requested=true\">https:\/\/docs.google.com\/forms\/d\/1G_67UY-C3rKa30cQg1I7J2X_R4uqmRGjkeGrKxMI4Eg\/viewform?pli=1&amp;pli=1&amp;edit_requested=true<\/a>\u00a0\u00a0\u00a0\u00a0\u00a0 <\/u><\/strong><\/p>\n","protected":false},"excerpt":{"rendered":"<p>A Prefeitura de Cabo Frio, por meio da Secretaria de Assist\u00eancia Social e da Coordenadoria-Geral da Crian\u00e7a e do Adolescente (COGECRIA), destaca a import\u00e2ncia do 31 de maio \u2014 data em que se celebra o Dia Mundial do Acolhimento Familiar. A iniciativa visa sensibilizar a popula\u00e7\u00e3o sobre o direito fundamental de crian\u00e7as e adolescentes a [&hellip;]<\/p>\n","protected":false},"author":2,"featured_media":19076,"comment_status":"open","ping_status":"open","sticky":true,"template":"","format":"standard","meta":{"footnotes":""},"categories":[340],"tags":[1896],"class_list":["post-19075","post","type-post","status-publish","format-standard","has-post-thumbnail","hentry","category-cabo-frio","tag-destaque"],"_links":{"self":[{"href":"https:\/\/blogdodanielgalvao.com.br\/site\/wp-json\/wp\/v2\/posts\/19075","targetHints":{"allow":["GET"]}}],"collection":[{"href":"https:\/\/blogdodanielgalvao.com.br\/site\/wp-json\/wp\/v2\/posts"}],"about":[{"href":"https:\/\/blogdodanielgalvao.com.br\/site\/wp-json\/wp\/v2\/types\/post"}],"author":[{"embeddable":true,"href":"https:\/\/blogdodanielgalvao.com.br\/site\/wp-json\/wp\/v2\/users\/2"}],"replies":[{"embeddable":true,"href":"https:\/\/blogdodanielgalvao.com.br\/site\/wp-json\/wp\/v2\/comments?post=19075"}],"version-history":[{"count":1,"href":"https:\/\/blogdodanielgalvao.com.br\/site\/wp-json\/wp\/v2\/posts\/19075\/revisions"}],"predecessor-version":[{"id":19077,"href":"https:\/\/blogdodanielgalvao.com.br\/site\/wp-json\/wp\/v2\/posts\/19075\/revisions\/19077"}],"wp:featuredmedia":[{"embeddable":true,"href":"https:\/\/blogdodanielgalvao.com.br\/site\/wp-json\/wp\/v2\/media\/19076"}],"wp:attachment":[{"href":"https:\/\/blogdodanielgalvao.com.br\/site\/wp-json\/wp\/v2\/media?parent=19075"}],"wp:term":[{"taxonomy":"category","embeddable":true,"href":"https:\/\/blogdodanielgalvao.com.br\/site\/wp-json\/wp\/v2\/categories?post=19075"},{"taxonomy":"post_tag","embeddable":true,"href":"https:\/\/blogdodanielgalvao.com.br\/site\/wp-json\/wp\/v2\/tags?post=19075"}],"curies":[{"name":"wp","href":"https:\/\/api.w.org\/{rel}","templated":true}]}}