{"id":19068,"date":"2025-06-02T16:49:09","date_gmt":"2025-06-02T19:49:09","guid":{"rendered":"https:\/\/blogdodanielgalvao.com.br\/site\/?p=19068"},"modified":"2025-06-02T16:49:09","modified_gmt":"2025-06-02T19:49:09","slug":"cabo-frio-realiza-acao-integrada-para-reforcar-atendimento-a-beneficiarios-do-bolsa-familia","status":"publish","type":"post","link":"https:\/\/blogdodanielgalvao.com.br\/site\/cabo-frio-realiza-acao-integrada-para-reforcar-atendimento-a-beneficiarios-do-bolsa-familia\/","title":{"rendered":"Cabo Frio realiza a\u00e7\u00e3o integrada para refor\u00e7ar atendimento a benefici\u00e1rios do Bolsa Fam\u00edlia"},"content":{"rendered":"<p>A Prefeitura de Cabo Frio, por meio da Secretaria de Assist\u00eancia Social e em parceria com as pastas de Sa\u00fade e Educa\u00e7\u00e3o, realizou nesta sexta-feira (30) uma A\u00e7\u00e3o Intersetorial voltada ao acompanhamento das fam\u00edlias contempladas pelo Programa Bolsa Fam\u00edlia. A atividade ocorreu na Escola Municipal Evaldo Salles, no bairro Per\u00f3, e reuniu representantes das tr\u00eas secretarias envolvidas.<\/p>\n<p>O objetivo da a\u00e7\u00e3o foi refor\u00e7ar a import\u00e2ncia do cumprimento das condicionalidades exigidas para a manuten\u00e7\u00e3o do benef\u00edcio, que envolvem \u00e1reas essenciais como assist\u00eancia social, sa\u00fade e educa\u00e7\u00e3o.<\/p>\n<p>No \u00e2mbito da Assist\u00eancia Social, \u00e9 necess\u00e1rio que os benefici\u00e1rios compare\u00e7am periodicamente ao CRAS para manter o Cadastro \u00danico atualizado \u2014 com prazo m\u00e1ximo de dois anos \u2014 al\u00e9m de atender aos crit\u00e9rios de renda exigidos pelo programa.<\/p>\n<p>Na \u00e1rea da Sa\u00fade, \u00e9 obrigat\u00f3ria a pesagem regular de crian\u00e7as e mulheres, bem como o cumprimento do calend\u00e1rio vacinal.<\/p>\n<p>J\u00e1 no setor Educacional, o programa exige que crian\u00e7as e adolescentes entre 4 e 17 anos estejam matriculados e frequentem a escola, com m\u00ednimo de 60% de presen\u00e7a para a faixa et\u00e1ria de 4 a 5 anos, e 75% de 6 a 17 anos, conforme explicou Ricardo Corr\u00eaa de Deus, coordenador municipal do Bolsa Fam\u00edlia.<\/p>\n<p>Durante a a\u00e7\u00e3o, foram realizados 23 atendimentos: 11 referentes ao Cadastro \u00danico e 12 voltados para a pesagem obrigat\u00f3ria.<\/p>\n<p>O secret\u00e1rio de Assist\u00eancia Social, Fl\u00e1vio Moreira, destacou que a gest\u00e3o municipal tem priorizado a descentraliza\u00e7\u00e3o dos servi\u00e7os p\u00fablicos, facilitando o acesso da popula\u00e7\u00e3o em situa\u00e7\u00e3o de vulnerabilidade \u00e0s pol\u00edticas sociais.<\/p>\n<p>\u201cA proposta \u00e9 assegurar que as fam\u00edlias benefici\u00e1rias tenham, de fato, acesso integral aos servi\u00e7os de sa\u00fade e educa\u00e7\u00e3o, fortalecendo o impacto do programa e ampliando a efetividade das pol\u00edticas p\u00fablicas\u201d,\u00a0afirmou.<\/p>\n","protected":false},"excerpt":{"rendered":"<p>A Prefeitura de Cabo Frio, por meio da Secretaria de Assist\u00eancia Social e em parceria com as pastas de Sa\u00fade e Educa\u00e7\u00e3o, realizou nesta sexta-feira (30) uma A\u00e7\u00e3o Intersetorial voltada ao acompanhamento das fam\u00edlias contempladas pelo Programa Bolsa Fam\u00edlia. A atividade ocorreu na Escola Municipal Evaldo Salles, no bairro Per\u00f3, e reuniu representantes das tr\u00eas [&hellip;]<\/p>\n","protected":false},"author":2,"featured_media":19069,"comment_status":"open","ping_status":"open","sticky":true,"template":"","format":"standard","meta":{"footnotes":""},"categories":[340],"tags":[1896],"class_list":["post-19068","post","type-post","status-publish","format-standard","has-post-thumbnail","hentry","category-cabo-frio","tag-destaque"],"_links":{"self":[{"href":"https:\/\/blogdodanielgalvao.com.br\/site\/wp-json\/wp\/v2\/posts\/19068","targetHints":{"allow":["GET"]}}],"collection":[{"href":"https:\/\/blogdodanielgalvao.com.br\/site\/wp-json\/wp\/v2\/posts"}],"about":[{"href":"https:\/\/blogdodanielgalvao.com.br\/site\/wp-json\/wp\/v2\/types\/post"}],"author":[{"embeddable":true,"href":"https:\/\/blogdodanielgalvao.com.br\/site\/wp-json\/wp\/v2\/users\/2"}],"replies":[{"embeddable":true,"href":"https:\/\/blogdodanielgalvao.com.br\/site\/wp-json\/wp\/v2\/comments?post=19068"}],"version-history":[{"count":1,"href":"https:\/\/blogdodanielgalvao.com.br\/site\/wp-json\/wp\/v2\/posts\/19068\/revisions"}],"predecessor-version":[{"id":19070,"href":"https:\/\/blogdodanielgalvao.com.br\/site\/wp-json\/wp\/v2\/posts\/19068\/revisions\/19070"}],"wp:featuredmedia":[{"embeddable":true,"href":"https:\/\/blogdodanielgalvao.com.br\/site\/wp-json\/wp\/v2\/media\/19069"}],"wp:attachment":[{"href":"https:\/\/blogdodanielgalvao.com.br\/site\/wp-json\/wp\/v2\/media?parent=19068"}],"wp:term":[{"taxonomy":"category","embeddable":true,"href":"https:\/\/blogdodanielgalvao.com.br\/site\/wp-json\/wp\/v2\/categories?post=19068"},{"taxonomy":"post_tag","embeddable":true,"href":"https:\/\/blogdodanielgalvao.com.br\/site\/wp-json\/wp\/v2\/tags?post=19068"}],"curies":[{"name":"wp","href":"https:\/\/api.w.org\/{rel}","templated":true}]}}