{"id":19064,"date":"2025-06-02T15:07:00","date_gmt":"2025-06-02T18:07:00","guid":{"rendered":"https:\/\/blogdodanielgalvao.com.br\/site\/?p=19064"},"modified":"2025-06-02T15:07:12","modified_gmt":"2025-06-02T18:07:12","slug":"bares-que-desrespeitam-limite-de-som-e-horario-sao-alvos-de-operacao-em-cabo-frio","status":"publish","type":"post","link":"https:\/\/blogdodanielgalvao.com.br\/site\/bares-que-desrespeitam-limite-de-som-e-horario-sao-alvos-de-operacao-em-cabo-frio\/","title":{"rendered":"Bares que desrespeitam limite de som e hor\u00e1rio s\u00e3o alvos de opera\u00e7\u00e3o em Cabo Frio"},"content":{"rendered":"<p>Na noite de sexta-feira (30), a Prefeitura de Cabo Frio intensificou a fiscaliza\u00e7\u00e3o contra polui\u00e7\u00e3o sonora e funcionamento irregular de bares e com\u00e9rcios. A opera\u00e7\u00e3o foi conduzida pela Secretaria de Meio Ambiente, Saneamento e Clima, com suporte da Guarda Mar\u00edtima e Ambiental.<\/p>\n<p>As equipes estiveram em tr\u00eas regi\u00f5es da cidade: no bairro S\u00e3o Crist\u00f3v\u00e3o (Avenida Henrique Terra), no Portinho e na Rua Porto Alegre, nas Palmeiras. Os respons\u00e1veis pelos estabelecimentos foram autuados por infringir a Lei Ambiental n\u00ba 2.330, de 30 de dezembro de 2010, al\u00e9m de ignorarem notifica\u00e7\u00f5es anteriores. Um dos locais tamb\u00e9m foi alvo da fiscaliza\u00e7\u00e3o por violar uma ordem judicial de interdi\u00e7\u00e3o.<\/p>\n<p>A iniciativa segue orienta\u00e7\u00f5es do Minist\u00e9rio P\u00fablico Estadual, que tem recebido diversas reclama\u00e7\u00f5es de moradores sobre ru\u00eddos excessivos e perturba\u00e7\u00e3o do sossego, especialmente causados por estabelecimentos que operam fora do hor\u00e1rio permitido e sem tratamento ac\u00fastico adequado. Em casos reincidentes ou de descumprimento das determina\u00e7\u00f5es legais, os estabelecimentos podem sofrer interdi\u00e7\u00e3o judicial.<\/p>\n<p>\u201cSeguimos recebendo den\u00fancias e refor\u00e7amos que a fiscaliza\u00e7\u00e3o n\u00e3o tem a inten\u00e7\u00e3o de prejudicar os comerciantes, mas sim assegurar o direito ao descanso e \u00e0 qualidade de vida dos moradores\u201d, ressaltou o secret\u00e1rio de Meio Ambiente, Jailton Nogueira.<\/p>\n<p>As den\u00fancias podem ser encaminhadas \u00e0 Secretaria de Meio Ambiente pelo e-mail <strong><a href=\"mailto:meioambiente@cabofrio.rj.gov.br\">meioambiente@cabofrio.rj.gov.br<\/a><\/strong> ou pelo telefone\u00a0(22)\u00a03199-1313.<\/p>\n","protected":false},"excerpt":{"rendered":"<p>Na noite de sexta-feira (30), a Prefeitura de Cabo Frio intensificou a fiscaliza\u00e7\u00e3o contra polui\u00e7\u00e3o sonora e funcionamento irregular de bares e com\u00e9rcios. A opera\u00e7\u00e3o foi conduzida pela Secretaria de Meio Ambiente, Saneamento e Clima, com suporte da Guarda Mar\u00edtima e Ambiental. As equipes estiveram em tr\u00eas regi\u00f5es da cidade: no bairro S\u00e3o Crist\u00f3v\u00e3o (Avenida [&hellip;]<\/p>\n","protected":false},"author":2,"featured_media":19065,"comment_status":"open","ping_status":"open","sticky":false,"template":"","format":"standard","meta":{"footnotes":""},"categories":[340],"tags":[],"class_list":["post-19064","post","type-post","status-publish","format-standard","has-post-thumbnail","hentry","category-cabo-frio"],"_links":{"self":[{"href":"https:\/\/blogdodanielgalvao.com.br\/site\/wp-json\/wp\/v2\/posts\/19064","targetHints":{"allow":["GET"]}}],"collection":[{"href":"https:\/\/blogdodanielgalvao.com.br\/site\/wp-json\/wp\/v2\/posts"}],"about":[{"href":"https:\/\/blogdodanielgalvao.com.br\/site\/wp-json\/wp\/v2\/types\/post"}],"author":[{"embeddable":true,"href":"https:\/\/blogdodanielgalvao.com.br\/site\/wp-json\/wp\/v2\/users\/2"}],"replies":[{"embeddable":true,"href":"https:\/\/blogdodanielgalvao.com.br\/site\/wp-json\/wp\/v2\/comments?post=19064"}],"version-history":[{"count":2,"href":"https:\/\/blogdodanielgalvao.com.br\/site\/wp-json\/wp\/v2\/posts\/19064\/revisions"}],"predecessor-version":[{"id":19067,"href":"https:\/\/blogdodanielgalvao.com.br\/site\/wp-json\/wp\/v2\/posts\/19064\/revisions\/19067"}],"wp:featuredmedia":[{"embeddable":true,"href":"https:\/\/blogdodanielgalvao.com.br\/site\/wp-json\/wp\/v2\/media\/19065"}],"wp:attachment":[{"href":"https:\/\/blogdodanielgalvao.com.br\/site\/wp-json\/wp\/v2\/media?parent=19064"}],"wp:term":[{"taxonomy":"category","embeddable":true,"href":"https:\/\/blogdodanielgalvao.com.br\/site\/wp-json\/wp\/v2\/categories?post=19064"},{"taxonomy":"post_tag","embeddable":true,"href":"https:\/\/blogdodanielgalvao.com.br\/site\/wp-json\/wp\/v2\/tags?post=19064"}],"curies":[{"name":"wp","href":"https:\/\/api.w.org\/{rel}","templated":true}]}}