{"id":19061,"date":"2025-06-02T14:52:27","date_gmt":"2025-06-02T17:52:27","guid":{"rendered":"https:\/\/blogdodanielgalvao.com.br\/site\/?p=19061"},"modified":"2025-06-02T14:52:27","modified_gmt":"2025-06-02T17:52:27","slug":"escola-evaldo-salles-leva-protagonismo-de-cabo-frio-ao-forum-da-cultura-oceanica","status":"publish","type":"post","link":"https:\/\/blogdodanielgalvao.com.br\/site\/escola-evaldo-salles-leva-protagonismo-de-cabo-frio-ao-forum-da-cultura-oceanica\/","title":{"rendered":"Escola Evaldo Salles leva protagonismo de Cabo Frio ao F\u00f3rum da Cultura Oce\u00e2nica"},"content":{"rendered":"<p>A Escola Municipal Evaldo Salles colocou Cabo Frio em posi\u00e7\u00e3o de destaque no F\u00f3rum da Cultura Oce\u00e2nica: O Curr\u00edculo Azul, evento que reuniu educadores, pesquisadores e gestores p\u00fablicos em torno da integra\u00e7\u00e3o do tema oce\u00e2nico nos conte\u00fados escolares.<\/p>\n<p>A unidade foi mencionada como exemplo de refer\u00eancia entre as boas pr\u00e1ticas voltadas \u00e0 constru\u00e7\u00e3o de uma consci\u00eancia oce\u00e2nica na escola p\u00fablica. O reconhecimento se deve, em parte, \u00e0 colabora\u00e7\u00e3o com o projeto *Mar \u00e0 Vista*, idealizado pela professora Flavia Lins de Barros, da Universidade Federal do Rio de Janeiro (UFRJ), al\u00e9m da atua\u00e7\u00e3o cont\u00ednua no Comit\u00ea da Bandeira Azul do munic\u00edpio.<\/p>\n<p>A presen\u00e7a da escola no encontro representa mais um passo relevante para o fortalecimento da educa\u00e7\u00e3o ambiental em Cabo Frio. A Evaldo Salles vem promovendo atividades que aproximam estudantes, educadores e a comunidade dos temas ligados ao oceano, sustentabilidade e cidadania planet\u00e1ria \u2014 tudo isso dentro da proposta da *Escola Azul*, que defende uma educa\u00e7\u00e3o voltada \u00e0 forma\u00e7\u00e3o de indiv\u00edduos cr\u00edticos, criativos e comprometidos com os desafios ambientais contempor\u00e2neos.<\/p>\n<p>Representantes da unidade escolar e da Secretaria Municipal de Meio Ambiente participaram do f\u00f3rum, consolidando o reconhecimento regional de Cabo Frio como territ\u00f3rio comprometido com a preserva\u00e7\u00e3o dos mares e com o uso do oceano como ferramenta de aprendizado e conex\u00e3o cultural.<\/p>\n<p>A Secretaria de Educa\u00e7\u00e3o comemorou o protagonismo da Escola Evaldo Salles como prova de que o curr\u00edculo escolar ganha vida e relev\u00e2ncia quando se conecta \u00e0s urg\u00eancias ambientais e ao cotidiano\u00a0dos\u00a0alunos.<\/p>\n","protected":false},"excerpt":{"rendered":"<p>A Escola Municipal Evaldo Salles colocou Cabo Frio em posi\u00e7\u00e3o de destaque no F\u00f3rum da Cultura Oce\u00e2nica: O Curr\u00edculo Azul, evento que reuniu educadores, pesquisadores e gestores p\u00fablicos em torno da integra\u00e7\u00e3o do tema oce\u00e2nico nos conte\u00fados escolares. A unidade foi mencionada como exemplo de refer\u00eancia entre as boas pr\u00e1ticas voltadas \u00e0 constru\u00e7\u00e3o de uma [&hellip;]<\/p>\n","protected":false},"author":2,"featured_media":19062,"comment_status":"open","ping_status":"open","sticky":true,"template":"","format":"standard","meta":{"footnotes":""},"categories":[340],"tags":[1896],"class_list":["post-19061","post","type-post","status-publish","format-standard","has-post-thumbnail","hentry","category-cabo-frio","tag-destaque"],"_links":{"self":[{"href":"https:\/\/blogdodanielgalvao.com.br\/site\/wp-json\/wp\/v2\/posts\/19061","targetHints":{"allow":["GET"]}}],"collection":[{"href":"https:\/\/blogdodanielgalvao.com.br\/site\/wp-json\/wp\/v2\/posts"}],"about":[{"href":"https:\/\/blogdodanielgalvao.com.br\/site\/wp-json\/wp\/v2\/types\/post"}],"author":[{"embeddable":true,"href":"https:\/\/blogdodanielgalvao.com.br\/site\/wp-json\/wp\/v2\/users\/2"}],"replies":[{"embeddable":true,"href":"https:\/\/blogdodanielgalvao.com.br\/site\/wp-json\/wp\/v2\/comments?post=19061"}],"version-history":[{"count":1,"href":"https:\/\/blogdodanielgalvao.com.br\/site\/wp-json\/wp\/v2\/posts\/19061\/revisions"}],"predecessor-version":[{"id":19063,"href":"https:\/\/blogdodanielgalvao.com.br\/site\/wp-json\/wp\/v2\/posts\/19061\/revisions\/19063"}],"wp:featuredmedia":[{"embeddable":true,"href":"https:\/\/blogdodanielgalvao.com.br\/site\/wp-json\/wp\/v2\/media\/19062"}],"wp:attachment":[{"href":"https:\/\/blogdodanielgalvao.com.br\/site\/wp-json\/wp\/v2\/media?parent=19061"}],"wp:term":[{"taxonomy":"category","embeddable":true,"href":"https:\/\/blogdodanielgalvao.com.br\/site\/wp-json\/wp\/v2\/categories?post=19061"},{"taxonomy":"post_tag","embeddable":true,"href":"https:\/\/blogdodanielgalvao.com.br\/site\/wp-json\/wp\/v2\/tags?post=19061"}],"curies":[{"name":"wp","href":"https:\/\/api.w.org\/{rel}","templated":true}]}}