{"id":19055,"date":"2025-06-02T12:52:26","date_gmt":"2025-06-02T15:52:26","guid":{"rendered":"https:\/\/blogdodanielgalvao.com.br\/site\/?p=19055"},"modified":"2025-06-02T12:52:26","modified_gmt":"2025-06-02T15:52:26","slug":"campanha-do-agasalho-do-assai-conta-com-4-lojas-na-regiao-como-pontos-de-coleta-de-doacoes","status":"publish","type":"post","link":"https:\/\/blogdodanielgalvao.com.br\/site\/campanha-do-agasalho-do-assai-conta-com-4-lojas-na-regiao-como-pontos-de-coleta-de-doacoes\/","title":{"rendered":"Campanha do agasalho do Assa\u00ed conta com 4 lojas na regi\u00e3o como pontos de coleta de doa\u00e7\u00f5es"},"content":{"rendered":"<p>O Instituto Assa\u00ed, respons\u00e1vel pelos investimentos sociais do Assa\u00ed Atacadista, iniciou, no \u00faltimo dia 26 de maio, a nova edi\u00e7\u00e3o da campanha \u201cAgasalho a Gente Compartilha\u201d, que acontece at\u00e9 o dia 15 de junho em todas as 40 lojas da rede no Estado do Rio.<\/p>\n<p>De acordo com a empresa, a iniciativa, que acontece nacionalmente desde 2011, faz parte da agenda anual de a\u00e7\u00f5es sociais do Instituto Assa\u00ed, utilizando as lojas da rede como pontos de coleta de doa\u00e7\u00f5es de roupas e agasalhos.<\/p>\n<p>Em 2024, a campanha arrecadou mais de 54 toneladas de roupas e agasalhos, que foram doados a institui\u00e7\u00f5es locais, seguindo uma proposta de incentivar doa\u00e7\u00f5es de roupas e agasalhos para ajudar a aquecer o inverno de quem mais precisa.<\/p>\n<p>A campanha recebe doa\u00e7\u00f5es de cal\u00e7as, casacos, camisetas de manga longa, meias, blusas e cal\u00e7as de moletom, cal\u00e7ados fechados, gorros, cachec\u00f3is, luvas, edredons, mantas e cobertores, que s\u00e3o separadas por p\u00fablico, masculino, feminino e infantil.<\/p>\n<p>\u201cA recomenda\u00e7\u00e3o \u00e9 que as pe\u00e7as estejam limpas e organizadas em sacolas, separadas por p\u00fablico (masculino, feminino, adulto e infantil). Todas as doa\u00e7\u00f5es permanecem nos munic\u00edpios onde foram arrecadadas, fortalecendo a rede de solidariedade local\u201d, explicou o Assa\u00ed.<\/p>\n<p>Para participar da campanha na regi\u00e3o, a popula\u00e7\u00e3o pode levar as doa\u00e7\u00f5es para as lojas da rede Assa\u00ed Atacadista em Araruama e Cabo Frio, na Regi\u00e3o dos Lagos, e em Maca\u00e9 e Campos dos Goytacazes, no Norte Fluminense.<\/p>\n<p>Em Araruama, a loja do Assa\u00ed Atacadista fica na Avenida Get\u00falio Vargas, 2.299, no Parque Hotel; em Cabo Frio, na Avenida Central, 900, em S\u00e3o Crist\u00f3v\u00e3o; em Maca\u00e9, na Avenida Lacerda Agostinho, 2.175, na Virgem Santa, pr\u00f3ximo ao Obelisco; e em Campos, na Avenida Arthur Bernardes, no Trevo do \u00cdndio, pr\u00f3ximo ao acesso \u00e0 Rodovia M\u00e1rio Covas (BR-101). Para mais informa\u00e7\u00f5es sobre a campanha, basta acessar o site,\u00a0<a href=\"https:\/\/institutoassai.org.br\/agasalho-a-gente-compartilha\/\">https:\/\/institutoassai.org.br\/agasalho-a-gente-compartilha\/<\/a>.<\/p>\n","protected":false},"excerpt":{"rendered":"<p>O Instituto Assa\u00ed, respons\u00e1vel pelos investimentos sociais do Assa\u00ed Atacadista, iniciou, no \u00faltimo dia 26 de maio, a nova edi\u00e7\u00e3o da campanha \u201cAgasalho a Gente Compartilha\u201d, que acontece at\u00e9 o dia 15 de junho em todas as 40 lojas da rede no Estado do Rio. De acordo com a empresa, a iniciativa, que acontece nacionalmente [&hellip;]<\/p>\n","protected":false},"author":2,"featured_media":19056,"comment_status":"open","ping_status":"open","sticky":true,"template":"","format":"standard","meta":{"footnotes":""},"categories":[2220],"tags":[1896],"class_list":["post-19055","post","type-post","status-publish","format-standard","has-post-thumbnail","hentry","category-regiao-dos-lagos","tag-destaque"],"_links":{"self":[{"href":"https:\/\/blogdodanielgalvao.com.br\/site\/wp-json\/wp\/v2\/posts\/19055","targetHints":{"allow":["GET"]}}],"collection":[{"href":"https:\/\/blogdodanielgalvao.com.br\/site\/wp-json\/wp\/v2\/posts"}],"about":[{"href":"https:\/\/blogdodanielgalvao.com.br\/site\/wp-json\/wp\/v2\/types\/post"}],"author":[{"embeddable":true,"href":"https:\/\/blogdodanielgalvao.com.br\/site\/wp-json\/wp\/v2\/users\/2"}],"replies":[{"embeddable":true,"href":"https:\/\/blogdodanielgalvao.com.br\/site\/wp-json\/wp\/v2\/comments?post=19055"}],"version-history":[{"count":1,"href":"https:\/\/blogdodanielgalvao.com.br\/site\/wp-json\/wp\/v2\/posts\/19055\/revisions"}],"predecessor-version":[{"id":19057,"href":"https:\/\/blogdodanielgalvao.com.br\/site\/wp-json\/wp\/v2\/posts\/19055\/revisions\/19057"}],"wp:featuredmedia":[{"embeddable":true,"href":"https:\/\/blogdodanielgalvao.com.br\/site\/wp-json\/wp\/v2\/media\/19056"}],"wp:attachment":[{"href":"https:\/\/blogdodanielgalvao.com.br\/site\/wp-json\/wp\/v2\/media?parent=19055"}],"wp:term":[{"taxonomy":"category","embeddable":true,"href":"https:\/\/blogdodanielgalvao.com.br\/site\/wp-json\/wp\/v2\/categories?post=19055"},{"taxonomy":"post_tag","embeddable":true,"href":"https:\/\/blogdodanielgalvao.com.br\/site\/wp-json\/wp\/v2\/tags?post=19055"}],"curies":[{"name":"wp","href":"https:\/\/api.w.org\/{rel}","templated":true}]}}