{"id":19052,"date":"2025-06-02T12:41:23","date_gmt":"2025-06-02T15:41:23","guid":{"rendered":"https:\/\/blogdodanielgalvao.com.br\/site\/?p=19052"},"modified":"2025-06-02T12:41:23","modified_gmt":"2025-06-02T15:41:23","slug":"arraial-do-cabo-fecha-maio-amarelo-com-alerta-sobre-seguranca-no-transito","status":"publish","type":"post","link":"https:\/\/blogdodanielgalvao.com.br\/site\/arraial-do-cabo-fecha-maio-amarelo-com-alerta-sobre-seguranca-no-transito\/","title":{"rendered":"Arraial do Cabo fecha Maio Amarelo com alerta sobre seguran\u00e7a no tr\u00e2nsito"},"content":{"rendered":"<p>Uma a\u00e7\u00e3o de conscientiza\u00e7\u00e3o realizada na manh\u00e3 deste s\u00e1bado (31), no P\u00f3rtico de Arraial do Cabo, marcou o encerramento das atividades da campanha Maio Amarelo no munic\u00edpio. Organizada pela Secretaria de Seguran\u00e7a P\u00fablica, a mobiliza\u00e7\u00e3o contou com a participa\u00e7\u00e3o das equipes dos Grupamentos de Ronda Escolar, Tr\u00e2nsito, Opera\u00e7\u00f5es com C\u00e3es e Ronda Ostensiva Municipal.<\/p>\n<p>Durante a abordagem, condutores foram orientados sobre a import\u00e2ncia do uso adequado do cinto de seguran\u00e7a e demais pr\u00e1ticas fundamentais para garantir um tr\u00e2nsito mais seguro e respons\u00e1vel.<\/p>\n<p>Ao longo do m\u00eas, a campanha Maio Amarelo envolveu diversas institui\u00e7\u00f5es e agentes p\u00fablicos em a\u00e7\u00f5es educativas, com foco na mudan\u00e7a de atitudes e na promo\u00e7\u00e3o de uma cultura de preven\u00e7\u00e3o. Em Arraial do Cabo, as atividades refor\u00e7aram a import\u00e2ncia de h\u00e1bitos simples \u2014 como respeitar os limites de velocidade e evitar o uso do celular ao volante \u2014 que podem salvar vidas.<\/p>\n<p>Apesar do encerramento oficial da campanha, o compromisso com a seguran\u00e7a vi\u00e1ria deve ser cont\u00ednuo e incorporado \u00e0 rotina de todos os cidad\u00e3os. Afinal, preservar vidas no tr\u00e2nsito \u00e9 uma responsabilidade que vai al\u00e9m\u00a0do\u00a0m\u00eas\u00a0de\u00a0maio.<\/p>\n","protected":false},"excerpt":{"rendered":"<p>Uma a\u00e7\u00e3o de conscientiza\u00e7\u00e3o realizada na manh\u00e3 deste s\u00e1bado (31), no P\u00f3rtico de Arraial do Cabo, marcou o encerramento das atividades da campanha Maio Amarelo no munic\u00edpio. Organizada pela Secretaria de Seguran\u00e7a P\u00fablica, a mobiliza\u00e7\u00e3o contou com a participa\u00e7\u00e3o das equipes dos Grupamentos de Ronda Escolar, Tr\u00e2nsito, Opera\u00e7\u00f5es com C\u00e3es e Ronda Ostensiva Municipal. Durante [&hellip;]<\/p>\n","protected":false},"author":2,"featured_media":19053,"comment_status":"open","ping_status":"open","sticky":true,"template":"","format":"standard","meta":{"footnotes":""},"categories":[838],"tags":[1896],"class_list":["post-19052","post","type-post","status-publish","format-standard","has-post-thumbnail","hentry","category-arraial-do-cabo","tag-destaque"],"_links":{"self":[{"href":"https:\/\/blogdodanielgalvao.com.br\/site\/wp-json\/wp\/v2\/posts\/19052","targetHints":{"allow":["GET"]}}],"collection":[{"href":"https:\/\/blogdodanielgalvao.com.br\/site\/wp-json\/wp\/v2\/posts"}],"about":[{"href":"https:\/\/blogdodanielgalvao.com.br\/site\/wp-json\/wp\/v2\/types\/post"}],"author":[{"embeddable":true,"href":"https:\/\/blogdodanielgalvao.com.br\/site\/wp-json\/wp\/v2\/users\/2"}],"replies":[{"embeddable":true,"href":"https:\/\/blogdodanielgalvao.com.br\/site\/wp-json\/wp\/v2\/comments?post=19052"}],"version-history":[{"count":1,"href":"https:\/\/blogdodanielgalvao.com.br\/site\/wp-json\/wp\/v2\/posts\/19052\/revisions"}],"predecessor-version":[{"id":19054,"href":"https:\/\/blogdodanielgalvao.com.br\/site\/wp-json\/wp\/v2\/posts\/19052\/revisions\/19054"}],"wp:featuredmedia":[{"embeddable":true,"href":"https:\/\/blogdodanielgalvao.com.br\/site\/wp-json\/wp\/v2\/media\/19053"}],"wp:attachment":[{"href":"https:\/\/blogdodanielgalvao.com.br\/site\/wp-json\/wp\/v2\/media?parent=19052"}],"wp:term":[{"taxonomy":"category","embeddable":true,"href":"https:\/\/blogdodanielgalvao.com.br\/site\/wp-json\/wp\/v2\/categories?post=19052"},{"taxonomy":"post_tag","embeddable":true,"href":"https:\/\/blogdodanielgalvao.com.br\/site\/wp-json\/wp\/v2\/tags?post=19052"}],"curies":[{"name":"wp","href":"https:\/\/api.w.org\/{rel}","templated":true}]}}