{"id":19048,"date":"2025-06-02T12:33:40","date_gmt":"2025-06-02T15:33:40","guid":{"rendered":"https:\/\/blogdodanielgalvao.com.br\/site\/?p=19048"},"modified":"2025-06-02T12:33:44","modified_gmt":"2025-06-02T15:33:44","slug":"prefeita-daniela-soares-anuncia-nova-iluminacao-de-led-para-todo-3o-distrito-de-araruama","status":"publish","type":"post","link":"https:\/\/blogdodanielgalvao.com.br\/site\/prefeita-daniela-soares-anuncia-nova-iluminacao-de-led-para-todo-3o-distrito-de-araruama\/","title":{"rendered":"Prefeita Daniela Soares anuncia nova ilumina\u00e7\u00e3o de LED para todo 3\u00ba distrito de Araruama"},"content":{"rendered":"\n<p>A prefeita de Araruama, Daniela Soares (PL), anunciou, na manh\u00e3 dessa segunda-feira, 2 de junho, a instala\u00e7\u00e3o de nova ilumina\u00e7\u00e3o de LED em todas as ruas do distrito de S\u00e3o Vicente, resolvendo um problema antigo dos moradores.<\/p>\n\n\n\n<p>O an\u00fancio foi feito em um v\u00eddeo publicado na conta da prefeita no Instagram, em que ela revela que a instala\u00e7\u00e3o da nova ilumina\u00e7\u00e3o do 3\u00ba distrito come\u00e7ar\u00e1 j\u00e1 nessa ter\u00e7a-feira, 3, pelo bairro Monteiro, mas garante que acontecer\u00e1 em todo o distrito.<\/p>\n\n\n\n<p>\u201cAl\u00f4, S\u00e3o Vicente! Eu estou aqui para dar uma grande not\u00edcia para voc\u00eas, e a\u00ed estou falando de mobilidade e de seguran\u00e7a. A partir de amanh\u00e3 (ter\u00e7a, 3), a nossa equipe estar\u00e1 nas ruas para instalar LED em S\u00e3o Vicente inteiro. Todos os loteamentos ser\u00e3o iluminados. E vamos come\u00e7ar por Monteiro. Voc\u00eas de Monteiro, podem esperar a nossa equipe amanh\u00e3. \u00c9 a prefeitura trabalhando para todos voc\u00eas\u201d, afirmou Daniela Soares.<\/p>\n\n\n\n<p>Al\u00e9m das melhorias na seguran\u00e7a p\u00fablica e na mobilidade, a instala\u00e7\u00e3o da nova ilumina\u00e7\u00e3o de LED nem S\u00e3o Vicente reafirma o compromisso da atual gest\u00e3o municipal com a melhoria tamb\u00e9m da qualidade de vida da popula\u00e7\u00e3o.<\/p>\n\n\n\n<p>\u201cCom tecnologia eficiente, economia de energia e durabilidade, a ilumina\u00e7\u00e3o em LED transforma o bairro, valoriza as ruas e cuida de quem vive aqui. E esse \u00e9 s\u00f3 o come\u00e7o. O 3\u00ba distrito est\u00e1 recebendo o cuidado que merece e as melhorias v\u00e3o seguir avan\u00e7ando, levando luz e dignidade tamb\u00e9m para os demais distritos\u201d, completou Daniela Soares, na publica\u00e7\u00e3o.&nbsp;&nbsp;&nbsp;&nbsp;<\/p>\n","protected":false},"excerpt":{"rendered":"<p>A prefeita de Araruama, Daniela Soares (PL), anunciou, na manh\u00e3 dessa segunda-feira, 2 de junho, a instala\u00e7\u00e3o de nova ilumina\u00e7\u00e3o de LED em todas as ruas do distrito de S\u00e3o Vicente, resolvendo um problema antigo dos moradores. O an\u00fancio foi feito em um v\u00eddeo publicado na conta da prefeita no Instagram, em que ela revela [&hellip;]<\/p>\n","protected":false},"author":2,"featured_media":19050,"comment_status":"open","ping_status":"open","sticky":true,"template":"","format":"standard","meta":{"footnotes":""},"categories":[208],"tags":[1896],"class_list":["post-19048","post","type-post","status-publish","format-standard","has-post-thumbnail","hentry","category-araruama","tag-destaque"],"_links":{"self":[{"href":"https:\/\/blogdodanielgalvao.com.br\/site\/wp-json\/wp\/v2\/posts\/19048","targetHints":{"allow":["GET"]}}],"collection":[{"href":"https:\/\/blogdodanielgalvao.com.br\/site\/wp-json\/wp\/v2\/posts"}],"about":[{"href":"https:\/\/blogdodanielgalvao.com.br\/site\/wp-json\/wp\/v2\/types\/post"}],"author":[{"embeddable":true,"href":"https:\/\/blogdodanielgalvao.com.br\/site\/wp-json\/wp\/v2\/users\/2"}],"replies":[{"embeddable":true,"href":"https:\/\/blogdodanielgalvao.com.br\/site\/wp-json\/wp\/v2\/comments?post=19048"}],"version-history":[{"count":1,"href":"https:\/\/blogdodanielgalvao.com.br\/site\/wp-json\/wp\/v2\/posts\/19048\/revisions"}],"predecessor-version":[{"id":19051,"href":"https:\/\/blogdodanielgalvao.com.br\/site\/wp-json\/wp\/v2\/posts\/19048\/revisions\/19051"}],"wp:featuredmedia":[{"embeddable":true,"href":"https:\/\/blogdodanielgalvao.com.br\/site\/wp-json\/wp\/v2\/media\/19050"}],"wp:attachment":[{"href":"https:\/\/blogdodanielgalvao.com.br\/site\/wp-json\/wp\/v2\/media?parent=19048"}],"wp:term":[{"taxonomy":"category","embeddable":true,"href":"https:\/\/blogdodanielgalvao.com.br\/site\/wp-json\/wp\/v2\/categories?post=19048"},{"taxonomy":"post_tag","embeddable":true,"href":"https:\/\/blogdodanielgalvao.com.br\/site\/wp-json\/wp\/v2\/tags?post=19048"}],"curies":[{"name":"wp","href":"https:\/\/api.w.org\/{rel}","templated":true}]}}