{"id":19027,"date":"2025-06-01T15:06:00","date_gmt":"2025-06-01T18:06:00","guid":{"rendered":"https:\/\/blogdodanielgalvao.com.br\/site\/?p=19027"},"modified":"2025-06-06T10:09:22","modified_gmt":"2025-06-06T13:09:22","slug":"festival-marearte-transforma-arraial-em-palco-de-tradicao-arte-e-pertencimento-coletivo","status":"publish","type":"post","link":"https:\/\/blogdodanielgalvao.com.br\/site\/festival-marearte-transforma-arraial-em-palco-de-tradicao-arte-e-pertencimento-coletivo\/","title":{"rendered":"Festival Marearte transforma Arraial em palco de tradi\u00e7\u00e3o, arte e pertencimento coletivo"},"content":{"rendered":"<p>A noite de sexta-feira (30) foi marcada por emo\u00e7\u00e3o, arte e pertencimento em Arraial do Cabo. O pen\u00faltimo dia da Marearte 2025 \u2014 evento que se consolidou como um dos mais importantes festivais culturais da cidade \u2014 reuniu estudantes, artistas locais, moradores e visitantes em uma celebra\u00e7\u00e3o vibrante da identidade cabista.<\/p>\n<p>Neste ano simb\u00f3lico, em que Arraial comemora seus 40 anos de emancipa\u00e7\u00e3o pol\u00edtico-administrativa, a programa\u00e7\u00e3o do festival mergulhou nas ra\u00edzes hist\u00f3ricas e culturais do munic\u00edpio. A proposta foi revisitar o passado com os olhos no futuro, valorizando as express\u00f5es populares que moldaram a alma da cidade. Cada apresenta\u00e7\u00e3o foi como uma janela aberta para a mem\u00f3ria coletiva que construiu, ao longo de d\u00e9cadas, a rica tape\u00e7aria cultural do lugar.<\/p>\n<p>O palco se transformou em uma vitrine plural de manifesta\u00e7\u00f5es art\u00edsticas. A plateia se encantou com coreografias de dan\u00e7a que misturavam ritmos tradicionais e contempor\u00e2neos; cenas teatrais que contaram hist\u00f3rias do povo do mar; performances musicais carregadas de emo\u00e7\u00e3o; e declama\u00e7\u00f5es liter\u00e1rias que exaltaram os saberes e as lutas da comunidade.<\/p>\n<p>A noite n\u00e3o foi apenas um espet\u00e1culo, mas um encontro intergeracional que refor\u00e7ou os la\u00e7os entre o passado e o presente \u2014 e que reafirmou a cultura como instrumento de transforma\u00e7\u00e3o social e fortalecimento da identidade.<\/p>\n<p>E a festa ainda n\u00e3o acabou. Neste s\u00e1bado (31), o encerramento da Marearte promete manter o n\u00edvel de encantamento. As atividades come\u00e7am a partir das 16h, em frente ao Centro Educacional e Cultural Manoel Camargo. Toda a programa\u00e7\u00e3o \u00e9 gratuita e aberta ao p\u00fablico. \u00c9 o convite perfeito para quem quer viver a arte de Arraial do Cabo em sua forma mais aut\u00eantica: viva, plural\u00a0e\u00a0emocionante.<\/p>\n","protected":false},"excerpt":{"rendered":"<p>A noite de sexta-feira (30) foi marcada por emo\u00e7\u00e3o, arte e pertencimento em Arraial do Cabo. O pen\u00faltimo dia da Marearte 2025 \u2014 evento que se consolidou como um dos mais importantes festivais culturais da cidade \u2014 reuniu estudantes, artistas locais, moradores e visitantes em uma celebra\u00e7\u00e3o vibrante da identidade cabista. Neste ano simb\u00f3lico, em [&hellip;]<\/p>\n","protected":false},"author":2,"featured_media":19028,"comment_status":"open","ping_status":"open","sticky":true,"template":"","format":"standard","meta":{"footnotes":""},"categories":[838],"tags":[1896],"class_list":["post-19027","post","type-post","status-publish","format-standard","has-post-thumbnail","hentry","category-arraial-do-cabo","tag-destaque"],"_links":{"self":[{"href":"https:\/\/blogdodanielgalvao.com.br\/site\/wp-json\/wp\/v2\/posts\/19027","targetHints":{"allow":["GET"]}}],"collection":[{"href":"https:\/\/blogdodanielgalvao.com.br\/site\/wp-json\/wp\/v2\/posts"}],"about":[{"href":"https:\/\/blogdodanielgalvao.com.br\/site\/wp-json\/wp\/v2\/types\/post"}],"author":[{"embeddable":true,"href":"https:\/\/blogdodanielgalvao.com.br\/site\/wp-json\/wp\/v2\/users\/2"}],"replies":[{"embeddable":true,"href":"https:\/\/blogdodanielgalvao.com.br\/site\/wp-json\/wp\/v2\/comments?post=19027"}],"version-history":[{"count":1,"href":"https:\/\/blogdodanielgalvao.com.br\/site\/wp-json\/wp\/v2\/posts\/19027\/revisions"}],"predecessor-version":[{"id":19029,"href":"https:\/\/blogdodanielgalvao.com.br\/site\/wp-json\/wp\/v2\/posts\/19027\/revisions\/19029"}],"wp:featuredmedia":[{"embeddable":true,"href":"https:\/\/blogdodanielgalvao.com.br\/site\/wp-json\/wp\/v2\/media\/19028"}],"wp:attachment":[{"href":"https:\/\/blogdodanielgalvao.com.br\/site\/wp-json\/wp\/v2\/media?parent=19027"}],"wp:term":[{"taxonomy":"category","embeddable":true,"href":"https:\/\/blogdodanielgalvao.com.br\/site\/wp-json\/wp\/v2\/categories?post=19027"},{"taxonomy":"post_tag","embeddable":true,"href":"https:\/\/blogdodanielgalvao.com.br\/site\/wp-json\/wp\/v2\/tags?post=19027"}],"curies":[{"name":"wp","href":"https:\/\/api.w.org\/{rel}","templated":true}]}}