{"id":18926,"date":"2025-05-30T11:41:33","date_gmt":"2025-05-30T14:41:33","guid":{"rendered":"https:\/\/blogdodanielgalvao.com.br\/site\/?p=18926"},"modified":"2025-05-30T11:41:33","modified_gmt":"2025-05-30T14:41:33","slug":"guarda-civil-de-cabo-frio-resgata-filhote-de-jiboia-na-praia-das-conchas","status":"publish","type":"post","link":"https:\/\/blogdodanielgalvao.com.br\/site\/guarda-civil-de-cabo-frio-resgata-filhote-de-jiboia-na-praia-das-conchas\/","title":{"rendered":"Guarda Civil de Cabo Frio resgata filhote de jib\u00f3ia na Praia das Conchas"},"content":{"rendered":"<p>Na manh\u00e3 desta quinta-feira (29), agentes do Grupamento da Guarda Mar\u00edtima e Ambiental, da Guarda Civil Municipal de Cabo Frio, realizaram o resgate de um filhote de jib\u00f3ia encontrado em um quiosque da Praia das Conchas. Sem sinais de ferimentos, o animal foi capturado com seguran\u00e7a e devolvido \u00e0 natureza, em uma \u00e1rea de vegeta\u00e7\u00e3o pr\u00f3xima.<\/p>\n<p>A jib\u00f3ia, segundo os agentes, \u00e9 uma esp\u00e9cie t\u00edpica da Mata Atl\u00e2ntica e costuma viver em ambientes de vegeta\u00e7\u00e3o densa, como morros, matas e \u00e1reas de restinga pr\u00f3ximas a centros urbanos. Apesar de causar susto por seu porte \u2014 adultos podem chegar a 4 metros \u2014, trata-se de uma serpente n\u00e3o pe\u00e7onhenta, ou seja, n\u00e3o possui veneno e n\u00e3o representa amea\u00e7a direta ao ser humano, desde que n\u00e3o seja manipulada.<\/p>\n<p>O animal tem papel fundamental no ecossistema, ajudando a controlar popula\u00e7\u00f5es de pequenos mam\u00edferos e aves. Em dias quentes ou quando busca alimento, \u00e9 comum que se aproxime de locais com presen\u00e7a humana.<\/p>\n<p>A Guarda orienta que, em casos semelhantes, a popula\u00e7\u00e3o mantenha dist\u00e2ncia e evite qualquer tentativa de contato. O recomendado \u00e9 acionar imediatamente a Guarda Civil ou o Corpo de Bombeiros, para garantir tanto a seguran\u00e7a das pessoas quanto a preserva\u00e7\u00e3o\u00a0da\u00a0fauna\u00a0local.<\/p>\n","protected":false},"excerpt":{"rendered":"<p>Na manh\u00e3 desta quinta-feira (29), agentes do Grupamento da Guarda Mar\u00edtima e Ambiental, da Guarda Civil Municipal de Cabo Frio, realizaram o resgate de um filhote de jib\u00f3ia encontrado em um quiosque da Praia das Conchas. Sem sinais de ferimentos, o animal foi capturado com seguran\u00e7a e devolvido \u00e0 natureza, em uma \u00e1rea de vegeta\u00e7\u00e3o [&hellip;]<\/p>\n","protected":false},"author":2,"featured_media":18927,"comment_status":"open","ping_status":"open","sticky":true,"template":"","format":"standard","meta":{"footnotes":""},"categories":[340],"tags":[1896],"class_list":["post-18926","post","type-post","status-publish","format-standard","has-post-thumbnail","hentry","category-cabo-frio","tag-destaque"],"_links":{"self":[{"href":"https:\/\/blogdodanielgalvao.com.br\/site\/wp-json\/wp\/v2\/posts\/18926","targetHints":{"allow":["GET"]}}],"collection":[{"href":"https:\/\/blogdodanielgalvao.com.br\/site\/wp-json\/wp\/v2\/posts"}],"about":[{"href":"https:\/\/blogdodanielgalvao.com.br\/site\/wp-json\/wp\/v2\/types\/post"}],"author":[{"embeddable":true,"href":"https:\/\/blogdodanielgalvao.com.br\/site\/wp-json\/wp\/v2\/users\/2"}],"replies":[{"embeddable":true,"href":"https:\/\/blogdodanielgalvao.com.br\/site\/wp-json\/wp\/v2\/comments?post=18926"}],"version-history":[{"count":1,"href":"https:\/\/blogdodanielgalvao.com.br\/site\/wp-json\/wp\/v2\/posts\/18926\/revisions"}],"predecessor-version":[{"id":18928,"href":"https:\/\/blogdodanielgalvao.com.br\/site\/wp-json\/wp\/v2\/posts\/18926\/revisions\/18928"}],"wp:featuredmedia":[{"embeddable":true,"href":"https:\/\/blogdodanielgalvao.com.br\/site\/wp-json\/wp\/v2\/media\/18927"}],"wp:attachment":[{"href":"https:\/\/blogdodanielgalvao.com.br\/site\/wp-json\/wp\/v2\/media?parent=18926"}],"wp:term":[{"taxonomy":"category","embeddable":true,"href":"https:\/\/blogdodanielgalvao.com.br\/site\/wp-json\/wp\/v2\/categories?post=18926"},{"taxonomy":"post_tag","embeddable":true,"href":"https:\/\/blogdodanielgalvao.com.br\/site\/wp-json\/wp\/v2\/tags?post=18926"}],"curies":[{"name":"wp","href":"https:\/\/api.w.org\/{rel}","templated":true}]}}