{"id":18919,"date":"2025-05-30T10:50:18","date_gmt":"2025-05-30T13:50:18","guid":{"rendered":"https:\/\/blogdodanielgalvao.com.br\/site\/?p=18919"},"modified":"2025-05-30T10:50:18","modified_gmt":"2025-05-30T13:50:18","slug":"mercado-de-peixe-de-cabo-frio-passa-por-nova-etapa-de-dedetizacao-em-acao-conjunta-das-secretarias","status":"publish","type":"post","link":"https:\/\/blogdodanielgalvao.com.br\/site\/mercado-de-peixe-de-cabo-frio-passa-por-nova-etapa-de-dedetizacao-em-acao-conjunta-das-secretarias\/","title":{"rendered":"Mercado de Peixe de Cabo Frio passa por nova etapa de dedetiza\u00e7\u00e3o em a\u00e7\u00e3o conjunta das secretarias"},"content":{"rendered":"<p>O Mercado de Peixe de Cabo Frio recebeu, nesta quinta-feira (29), mais uma etapa da a\u00e7\u00e3o de dedetiza\u00e7\u00e3o promovida em parceria entre a Secretaria de Agricultura e Pesca e a Secretaria de Sa\u00fade, por meio do setor de Vetores, ligado \u00e0 Sa\u00fade Coletiva.<\/p>\n<p>A iniciativa tem como objetivo garantir a higiene e o controle de pragas no local, refor\u00e7ando o compromisso da administra\u00e7\u00e3o com a sa\u00fade p\u00fablica e com o bem-estar de comerciantes e frequentadores.<\/p>\n<p>Administrado pela Secretaria de Agricultura e Pesca, o espa\u00e7o vem recebendo uma s\u00e9rie de cuidados ao longo da semana, como limpeza geral, poda da vegeta\u00e7\u00e3o e, agora, a continuidade do trabalho de dedetiza\u00e7\u00e3o.<\/p>\n<p>Al\u00e9m disso, a Vigil\u00e2ncia Sanit\u00e1ria promoveu uma palestra para os comerciantes do local com orienta\u00e7\u00f5es sobre pr\u00e1ticas de higiene no manuseio e com\u00e9rcio do pescado.<\/p>\n<p>\u201cS\u00e3o a\u00e7\u00f5es importantes para manter o mercado mais organizado, seguro e acolhedor para quem trabalha e para quem compra aqui diariamente\u201d, destacou o secret\u00e1rio Wellington\u00a0Escafura.<\/p>\n","protected":false},"excerpt":{"rendered":"<p>O Mercado de Peixe de Cabo Frio recebeu, nesta quinta-feira (29), mais uma etapa da a\u00e7\u00e3o de dedetiza\u00e7\u00e3o promovida em parceria entre a Secretaria de Agricultura e Pesca e a Secretaria de Sa\u00fade, por meio do setor de Vetores, ligado \u00e0 Sa\u00fade Coletiva. A iniciativa tem como objetivo garantir a higiene e o controle de [&hellip;]<\/p>\n","protected":false},"author":2,"featured_media":18920,"comment_status":"open","ping_status":"open","sticky":true,"template":"","format":"standard","meta":{"footnotes":""},"categories":[340],"tags":[1896],"class_list":["post-18919","post","type-post","status-publish","format-standard","has-post-thumbnail","hentry","category-cabo-frio","tag-destaque"],"_links":{"self":[{"href":"https:\/\/blogdodanielgalvao.com.br\/site\/wp-json\/wp\/v2\/posts\/18919","targetHints":{"allow":["GET"]}}],"collection":[{"href":"https:\/\/blogdodanielgalvao.com.br\/site\/wp-json\/wp\/v2\/posts"}],"about":[{"href":"https:\/\/blogdodanielgalvao.com.br\/site\/wp-json\/wp\/v2\/types\/post"}],"author":[{"embeddable":true,"href":"https:\/\/blogdodanielgalvao.com.br\/site\/wp-json\/wp\/v2\/users\/2"}],"replies":[{"embeddable":true,"href":"https:\/\/blogdodanielgalvao.com.br\/site\/wp-json\/wp\/v2\/comments?post=18919"}],"version-history":[{"count":1,"href":"https:\/\/blogdodanielgalvao.com.br\/site\/wp-json\/wp\/v2\/posts\/18919\/revisions"}],"predecessor-version":[{"id":18921,"href":"https:\/\/blogdodanielgalvao.com.br\/site\/wp-json\/wp\/v2\/posts\/18919\/revisions\/18921"}],"wp:featuredmedia":[{"embeddable":true,"href":"https:\/\/blogdodanielgalvao.com.br\/site\/wp-json\/wp\/v2\/media\/18920"}],"wp:attachment":[{"href":"https:\/\/blogdodanielgalvao.com.br\/site\/wp-json\/wp\/v2\/media?parent=18919"}],"wp:term":[{"taxonomy":"category","embeddable":true,"href":"https:\/\/blogdodanielgalvao.com.br\/site\/wp-json\/wp\/v2\/categories?post=18919"},{"taxonomy":"post_tag","embeddable":true,"href":"https:\/\/blogdodanielgalvao.com.br\/site\/wp-json\/wp\/v2\/tags?post=18919"}],"curies":[{"name":"wp","href":"https:\/\/api.w.org\/{rel}","templated":true}]}}