{"id":18899,"date":"2025-05-29T16:32:47","date_gmt":"2025-05-29T19:32:47","guid":{"rendered":"https:\/\/blogdodanielgalvao.com.br\/site\/?p=18899"},"modified":"2025-05-29T16:32:47","modified_gmt":"2025-05-29T19:32:47","slug":"justica-julga-caso-de-corrida-ilegal-que-feriu-familia-em-cabo-frio","status":"publish","type":"post","link":"https:\/\/blogdodanielgalvao.com.br\/site\/justica-julga-caso-de-corrida-ilegal-que-feriu-familia-em-cabo-frio\/","title":{"rendered":"Justi\u00e7a julga caso de corrida ilegal que feriu fam\u00edlia em Cabo Frio"},"content":{"rendered":"<p>Depois de meses longe da m\u00eddia, um acidente de tr\u00e2nsito que chocou Cabo Frio em setembro do ano passado voltou a ganhar destaque nesta quarta-feira (28), quando foi realizada uma audi\u00eancia decisiva sobre o caso. O epis\u00f3dio envolveu um homem de 40 anos, Maico Alves, e sua filha de 11, Ana Clara, atropelados por um carro durante uma disputa ilegal de velocidade na Avenida J\u00falia Kubitschek, no Centro da cidade.<\/p>\n<p>\u201cPor pouco n\u00e3o houve uma trag\u00e9dia ainda maior. As v\u00edtimas ainda sofrem com as consequ\u00eancias, e a legisla\u00e7\u00e3o segue falha, permissiva, sem for\u00e7a real para coibir esse tipo de crime\u201d, afirmou o advogado da fam\u00edlia, Luciano R\u00e9gis. Segundo ele, a legisla\u00e7\u00e3o brasileira ainda n\u00e3o acompanhou a gravidade de crimes de tr\u00e2nsito como esse, cometidos em vias p\u00fablicas movimentadas e com risco claro \u00e0 vida.<\/p>\n<p>Maico ainda se recupera. As les\u00f5es o deixaram com limita\u00e7\u00f5es motoras, obrigando-o a usar muletas para caminhar. Apesar do sofrimento f\u00edsico e emocional, ele expressou algum al\u00edvio com o andamento do processo. \u201cA gente pensou que esse caso ia cair no esquecimento, mas est\u00e1 tendo um desfecho\u201d, declarou.<\/p>\n<p>Sua filha, Ana Clara, tamb\u00e9m precisou de interna\u00e7\u00e3o e passou por cirurgia ap\u00f3s o atropelamento. Hoje, ela retoma sua rotina com coragem. \u201cEstou muito melhor. J\u00e1 voltei a estudar, estou fazendo dois cursos e indo bem\u201d, contou.<\/p>\n<p>Logo ap\u00f3s o acidente, os dois jovens motoristas envolvidos foram detidos, com imagens mostrando os carros em alta velocidade antes da colis\u00e3o. As cenas capturadas por c\u00e2meras de vigil\u00e2ncia circularam amplamente nas redes sociais e jornais, gerando indigna\u00e7\u00e3o popular.<\/p>\n<p>Entretanto, os dois suspeitos acabaram sendo soltos ainda no ano passado. Atualmente, respondem por les\u00e3o corporal grave decorrente de participa\u00e7\u00e3o em corrida ilegal. Se condenados, a pena pode chegar a seis anos. A defesa, no entanto, tenta desclassificar a acusa\u00e7\u00e3o para les\u00e3o corporal culposa, que prev\u00ea puni\u00e7\u00e3o mais branda \u2014 at\u00e9 dois anos \u2014 e tenta enfraquecer o papel das v\u00edtimas no caso.<\/p>\n<p>O desfecho jur\u00eddico desse processo ser\u00e1 um teste para o sistema penal brasileiro, frequentemente criticado pela sua leni\u00eancia em casos de imprud\u00eancia no tr\u00e2nsito. Enquanto isso, a fam\u00edlia de Maico e Ana Clara segue tentando reconstruir suas vidas, agora marcadas por um atropelamento que poderia ter custado\u00a0muito\u00a0mais.<\/p>\n","protected":false},"excerpt":{"rendered":"<p>Depois de meses longe da m\u00eddia, um acidente de tr\u00e2nsito que chocou Cabo Frio em setembro do ano passado voltou a ganhar destaque nesta quarta-feira (28), quando foi realizada uma audi\u00eancia decisiva sobre o caso. O epis\u00f3dio envolveu um homem de 40 anos, Maico Alves, e sua filha de 11, Ana Clara, atropelados por um [&hellip;]<\/p>\n","protected":false},"author":2,"featured_media":18900,"comment_status":"open","ping_status":"open","sticky":true,"template":"","format":"standard","meta":{"footnotes":""},"categories":[340],"tags":[1896],"class_list":["post-18899","post","type-post","status-publish","format-standard","has-post-thumbnail","hentry","category-cabo-frio","tag-destaque"],"_links":{"self":[{"href":"https:\/\/blogdodanielgalvao.com.br\/site\/wp-json\/wp\/v2\/posts\/18899","targetHints":{"allow":["GET"]}}],"collection":[{"href":"https:\/\/blogdodanielgalvao.com.br\/site\/wp-json\/wp\/v2\/posts"}],"about":[{"href":"https:\/\/blogdodanielgalvao.com.br\/site\/wp-json\/wp\/v2\/types\/post"}],"author":[{"embeddable":true,"href":"https:\/\/blogdodanielgalvao.com.br\/site\/wp-json\/wp\/v2\/users\/2"}],"replies":[{"embeddable":true,"href":"https:\/\/blogdodanielgalvao.com.br\/site\/wp-json\/wp\/v2\/comments?post=18899"}],"version-history":[{"count":1,"href":"https:\/\/blogdodanielgalvao.com.br\/site\/wp-json\/wp\/v2\/posts\/18899\/revisions"}],"predecessor-version":[{"id":18901,"href":"https:\/\/blogdodanielgalvao.com.br\/site\/wp-json\/wp\/v2\/posts\/18899\/revisions\/18901"}],"wp:featuredmedia":[{"embeddable":true,"href":"https:\/\/blogdodanielgalvao.com.br\/site\/wp-json\/wp\/v2\/media\/18900"}],"wp:attachment":[{"href":"https:\/\/blogdodanielgalvao.com.br\/site\/wp-json\/wp\/v2\/media?parent=18899"}],"wp:term":[{"taxonomy":"category","embeddable":true,"href":"https:\/\/blogdodanielgalvao.com.br\/site\/wp-json\/wp\/v2\/categories?post=18899"},{"taxonomy":"post_tag","embeddable":true,"href":"https:\/\/blogdodanielgalvao.com.br\/site\/wp-json\/wp\/v2\/tags?post=18899"}],"curies":[{"name":"wp","href":"https:\/\/api.w.org\/{rel}","templated":true}]}}