{"id":18868,"date":"2025-05-29T14:16:37","date_gmt":"2025-05-29T17:16:37","guid":{"rendered":"https:\/\/blogdodanielgalvao.com.br\/site\/?p=18868"},"modified":"2025-05-29T14:16:37","modified_gmt":"2025-05-29T17:16:37","slug":"cabo-frio-avanca-na-requalificacao-do-mirante-e-entorno-do-forte-sao-mateus","status":"publish","type":"post","link":"https:\/\/blogdodanielgalvao.com.br\/site\/cabo-frio-avanca-na-requalificacao-do-mirante-e-entorno-do-forte-sao-mateus\/","title":{"rendered":"Cabo Frio avan\u00e7a na requalifica\u00e7\u00e3o do Mirante e entorno do Forte S\u00e3o Mateus"},"content":{"rendered":"<p>Nesta quarta-feira (28), a Prefeitura de Cabo Frio deu in\u00edcio \u00e0 retomada das obras de revitaliza\u00e7\u00e3o da Avenida Almirante Barroso e do Canto do Forte. O projeto envolve a recupera\u00e7\u00e3o da via e seus arredores, incluindo o Mirante, a pra\u00e7a e os acessos ao Forte S\u00e3o Mateus, um dos pontos tur\u00edsticos mais importantes da cidade.<\/p>\n<p>Com previs\u00e3o para ser conclu\u00edda em at\u00e9 seis meses, a interven\u00e7\u00e3o est\u00e1 sendo realizada por meio de um conv\u00eanio federal, sob a supervis\u00e3o da Secretaria da Cidade. O trabalho inclui a reforma do Mirante, com troca do deck de madeira e do piso, al\u00e9m da instala\u00e7\u00e3o de novo mobili\u00e1rio urbano, paisagismo, pavimenta\u00e7\u00e3o e requalifica\u00e7\u00e3o das cal\u00e7adas. Tamb\u00e9m est\u00e3o previstas melhorias no sistema de drenagem, na ilumina\u00e7\u00e3o p\u00fablica e na sinaliza\u00e7\u00e3o vertical e horizontal.<\/p>\n<p>O Canto do Forte ser\u00e1 revitalizado simultaneamente. Desde o come\u00e7o da atual gest\u00e3o, esfor\u00e7os t\u00eam sido feitos para dar continuidade a essa obra, que havia sido interrompida.<\/p>\n<p>Segundo o vice-prefeito e secret\u00e1rio da Cidade, Miguel Alencar, a renova\u00e7\u00e3o da Avenida Almirante Barroso \u00e9 fundamental para valorizar os espa\u00e7os p\u00fablicos e impulsionar o turismo na regi\u00e3o.<\/p>\n<p>\u201cEssa \u00e1rea tem um valor hist\u00f3rico, emocional e visual enorme para Cabo Frio. Queremos entregar \u00e0 popula\u00e7\u00e3o um local mais atraente, acess\u00edvel e funcional, preservando a identidade do espa\u00e7o e pensando no futuro. A obra vai al\u00e9m da est\u00e9tica: ela promove seguran\u00e7a, mobilidade e fortalece o turismo local\u201d, afirmou Miguel Alencar.<\/p>\n<p>Para reduzir os transtornos \u00e0 popula\u00e7\u00e3o e aos visitantes, os servi\u00e7os ser\u00e3o executados por etapas. Essa iniciativa faz parte do plano da Prefeitura para recuperar pontos estrat\u00e9gicos do munic\u00edpio, focando no desenvolvimento urbano e no turismo\u00a0sustent\u00e1vel.<\/p>\n","protected":false},"excerpt":{"rendered":"<p>Nesta quarta-feira (28), a Prefeitura de Cabo Frio deu in\u00edcio \u00e0 retomada das obras de revitaliza\u00e7\u00e3o da Avenida Almirante Barroso e do Canto do Forte. O projeto envolve a recupera\u00e7\u00e3o da via e seus arredores, incluindo o Mirante, a pra\u00e7a e os acessos ao Forte S\u00e3o Mateus, um dos pontos tur\u00edsticos mais importantes da cidade. [&hellip;]<\/p>\n","protected":false},"author":2,"featured_media":18869,"comment_status":"open","ping_status":"open","sticky":true,"template":"","format":"standard","meta":{"footnotes":""},"categories":[340],"tags":[1896],"class_list":["post-18868","post","type-post","status-publish","format-standard","has-post-thumbnail","hentry","category-cabo-frio","tag-destaque"],"_links":{"self":[{"href":"https:\/\/blogdodanielgalvao.com.br\/site\/wp-json\/wp\/v2\/posts\/18868","targetHints":{"allow":["GET"]}}],"collection":[{"href":"https:\/\/blogdodanielgalvao.com.br\/site\/wp-json\/wp\/v2\/posts"}],"about":[{"href":"https:\/\/blogdodanielgalvao.com.br\/site\/wp-json\/wp\/v2\/types\/post"}],"author":[{"embeddable":true,"href":"https:\/\/blogdodanielgalvao.com.br\/site\/wp-json\/wp\/v2\/users\/2"}],"replies":[{"embeddable":true,"href":"https:\/\/blogdodanielgalvao.com.br\/site\/wp-json\/wp\/v2\/comments?post=18868"}],"version-history":[{"count":1,"href":"https:\/\/blogdodanielgalvao.com.br\/site\/wp-json\/wp\/v2\/posts\/18868\/revisions"}],"predecessor-version":[{"id":18870,"href":"https:\/\/blogdodanielgalvao.com.br\/site\/wp-json\/wp\/v2\/posts\/18868\/revisions\/18870"}],"wp:featuredmedia":[{"embeddable":true,"href":"https:\/\/blogdodanielgalvao.com.br\/site\/wp-json\/wp\/v2\/media\/18869"}],"wp:attachment":[{"href":"https:\/\/blogdodanielgalvao.com.br\/site\/wp-json\/wp\/v2\/media?parent=18868"}],"wp:term":[{"taxonomy":"category","embeddable":true,"href":"https:\/\/blogdodanielgalvao.com.br\/site\/wp-json\/wp\/v2\/categories?post=18868"},{"taxonomy":"post_tag","embeddable":true,"href":"https:\/\/blogdodanielgalvao.com.br\/site\/wp-json\/wp\/v2\/tags?post=18868"}],"curies":[{"name":"wp","href":"https:\/\/api.w.org\/{rel}","templated":true}]}}