{"id":18865,"date":"2025-05-29T14:06:33","date_gmt":"2025-05-29T17:06:33","guid":{"rendered":"https:\/\/blogdodanielgalvao.com.br\/site\/?p=18865"},"modified":"2025-05-29T14:06:33","modified_gmt":"2025-05-29T17:06:33","slug":"prefeitura-de-cabo-frio-intensifica-acoes-por-um-transito-mais-seguro-em-tamoios","status":"publish","type":"post","link":"https:\/\/blogdodanielgalvao.com.br\/site\/prefeitura-de-cabo-frio-intensifica-acoes-por-um-transito-mais-seguro-em-tamoios\/","title":{"rendered":"Prefeitura de Cabo Frio intensifica a\u00e7\u00f5es por um tr\u00e2nsito mais seguro em Tamoios"},"content":{"rendered":"<p>Dentro da programa\u00e7\u00e3o do Maio Amarelo, a Prefeitura de Cabo Frio, por meio da Secretaria de Mobilidade Urbana, promoveu nesta quarta-feira (28) uma blitz educativa no distrito de Tamoios. A atividade contou com o apoio da Auto Via\u00e7\u00e3o Salineira e da Guarda Civil Municipal.<\/p>\n<p>A iniciativa teve como foco conscientizar motoristas e pedestres sobre a import\u00e2ncia da seguran\u00e7a no tr\u00e2nsito e incentivar comportamentos mais respons\u00e1veis no dia a dia das vias p\u00fablicas. Durante a blitz, foram distribu\u00eddos panfletos e utilizados materiais visuais, como placas educativas instaladas em pontos estrat\u00e9gicos \u2014 sem\u00e1foros e faixas de pedestres \u2014 para chamar a aten\u00e7\u00e3o da popula\u00e7\u00e3o.<\/p>\n<p>Segundo o secret\u00e1rio de Mobilidade Urbana, Josias da Swell, a\u00e7\u00f5es como essa refor\u00e7am a ideia de que a mudan\u00e7a no tr\u00e2nsito come\u00e7a pela informa\u00e7\u00e3o e pelo respeito m\u00fatuo.<\/p>\n<p>\u201cHoje foi dia de estar perto das pessoas, de orientar e de cuidar. A equipe levou informa\u00e7\u00e3o de forma direta, conversando com quem estava dirigindo ou apenas passando pelo local. A gente acredita que um tr\u00e2nsito mais humano se constr\u00f3i com proximidade e responsabilidade&#8221;, afirmou\u00a0o\u00a0secret\u00e1rio.<\/p>\n","protected":false},"excerpt":{"rendered":"<p>Dentro da programa\u00e7\u00e3o do Maio Amarelo, a Prefeitura de Cabo Frio, por meio da Secretaria de Mobilidade Urbana, promoveu nesta quarta-feira (28) uma blitz educativa no distrito de Tamoios. A atividade contou com o apoio da Auto Via\u00e7\u00e3o Salineira e da Guarda Civil Municipal. A iniciativa teve como foco conscientizar motoristas e pedestres sobre a [&hellip;]<\/p>\n","protected":false},"author":2,"featured_media":18866,"comment_status":"open","ping_status":"open","sticky":true,"template":"","format":"standard","meta":{"footnotes":""},"categories":[340],"tags":[1896],"class_list":["post-18865","post","type-post","status-publish","format-standard","has-post-thumbnail","hentry","category-cabo-frio","tag-destaque"],"_links":{"self":[{"href":"https:\/\/blogdodanielgalvao.com.br\/site\/wp-json\/wp\/v2\/posts\/18865","targetHints":{"allow":["GET"]}}],"collection":[{"href":"https:\/\/blogdodanielgalvao.com.br\/site\/wp-json\/wp\/v2\/posts"}],"about":[{"href":"https:\/\/blogdodanielgalvao.com.br\/site\/wp-json\/wp\/v2\/types\/post"}],"author":[{"embeddable":true,"href":"https:\/\/blogdodanielgalvao.com.br\/site\/wp-json\/wp\/v2\/users\/2"}],"replies":[{"embeddable":true,"href":"https:\/\/blogdodanielgalvao.com.br\/site\/wp-json\/wp\/v2\/comments?post=18865"}],"version-history":[{"count":1,"href":"https:\/\/blogdodanielgalvao.com.br\/site\/wp-json\/wp\/v2\/posts\/18865\/revisions"}],"predecessor-version":[{"id":18867,"href":"https:\/\/blogdodanielgalvao.com.br\/site\/wp-json\/wp\/v2\/posts\/18865\/revisions\/18867"}],"wp:featuredmedia":[{"embeddable":true,"href":"https:\/\/blogdodanielgalvao.com.br\/site\/wp-json\/wp\/v2\/media\/18866"}],"wp:attachment":[{"href":"https:\/\/blogdodanielgalvao.com.br\/site\/wp-json\/wp\/v2\/media?parent=18865"}],"wp:term":[{"taxonomy":"category","embeddable":true,"href":"https:\/\/blogdodanielgalvao.com.br\/site\/wp-json\/wp\/v2\/categories?post=18865"},{"taxonomy":"post_tag","embeddable":true,"href":"https:\/\/blogdodanielgalvao.com.br\/site\/wp-json\/wp\/v2\/tags?post=18865"}],"curies":[{"name":"wp","href":"https:\/\/api.w.org\/{rel}","templated":true}]}}