{"id":18858,"date":"2025-05-29T13:26:35","date_gmt":"2025-05-29T16:26:35","guid":{"rendered":"https:\/\/blogdodanielgalvao.com.br\/site\/?p=18858"},"modified":"2025-05-29T13:26:35","modified_gmt":"2025-05-29T16:26:35","slug":"envelhecer-com-dignidade-e-pauta-em-evento-regional-em-cabo-frio","status":"publish","type":"post","link":"https:\/\/blogdodanielgalvao.com.br\/site\/envelhecer-com-dignidade-e-pauta-em-evento-regional-em-cabo-frio\/","title":{"rendered":"Envelhecer com dignidade \u00e9 pauta em evento regional em Cabo Frio"},"content":{"rendered":"<p>Nos dias 4 e 5 de junho, Cabo Frio ser\u00e1 palco de um importante evento voltado \u00e0 valoriza\u00e7\u00e3o e \u00e0 promo\u00e7\u00e3o dos direitos da pessoa idosa. A Confer\u00eancia Regional da Pessoa Idosa, realizada pela Prefeitura em conjunto com o Governo do Estado do Rio de Janeiro, vai reunir representantes da sociedade civil, \u00f3rg\u00e3os p\u00fablicos e privados, al\u00e9m dos conselhos municipais da Baixada Litor\u00e2nea.<\/p>\n<p>A programa\u00e7\u00e3o acontece em dois locais: na Casa \u00c1rvore Festas, no bairro Palmeiras, e na Pra\u00e7a de S\u00e3o Crist\u00f3v\u00e3o. Ser\u00e3o dois dias com rodas de conversa, palestras, oficinas e uma a\u00e7\u00e3o social dedicada ao p\u00fablico da terceira idade.<\/p>\n<p>O objetivo principal \u00e9 criar grupos de trabalho para discutir temas como o fortalecimento dos conselhos e fundos voltados \u00e0 popula\u00e7\u00e3o idosa, al\u00e9m de fomentar o di\u00e1logo sobre os cuidados e os direitos desse p\u00fablico.<\/p>\n<p>Para a secret\u00e1ria da Melhor Idade, Camila Saraiva, o encontro \u00e9 uma oportunidade de refletir e construir solu\u00e7\u00f5es reais:<\/p>\n<p>&#8220;Toda a sociedade precisa estar presente e engajada quando o assunto \u00e9 envelhecimento com dignidade. Ouvir quem vive essa realidade \u00e9 essencial para garantir pol\u00edticas p\u00fablicas mais humanas e eficazes. Esse evento \u00e9 parte do nosso compromisso com uma cidade mais justa, inclusiva e acolhedora para todos.&#8221;<\/p>\n<p>&nbsp;<\/p>\n<p><strong>Veja a programa\u00e7\u00e3o completa:<\/strong><\/p>\n<p><strong>\u00a0<\/strong><\/p>\n<p><strong>Quarta-feira (4\/6)<\/strong><\/p>\n<p><strong>Local:<\/strong> Casa \u00c1rvore Festas \u2013 Rua Belo Horizonte, n\u00ba 690 \u2013 Palmeiras<\/p>\n<p><strong>9h:<\/strong> Caf\u00e9 da manh\u00e3<\/p>\n<p><strong>9h30:<\/strong> Abertura com autoridades da Seijes, Cedepi, Minist\u00e9rio P\u00fablico e Prefeitura<\/p>\n<p><strong>10h:<\/strong> Palestra sobre o papel dos conselhos na fiscaliza\u00e7\u00e3o das ILPIs<\/p>\n<p><strong>11h:<\/strong> Debate aberto<\/p>\n<p><strong>13h30:<\/strong> Segunda mesa de abertura com Seijes, Nuceh e Prefeitura<\/p>\n<p><strong>13h45:<\/strong> Oficina tem\u00e1tica sobre pr\u00e1ticas em Centros de Conviv\u00eancia, Centro Dia e ILPIs<\/p>\n<p><strong>15h45:<\/strong> Entrega de certificados<\/p>\n<p><strong>16h:<\/strong> Coffee break<\/p>\n<p>&nbsp;<\/p>\n<p><strong>Quinta-feira (5\/6)<\/strong><\/p>\n<p><strong>Local:<\/strong> Pra\u00e7a de S\u00e3o Crist\u00f3v\u00e3o<\/p>\n<p><strong>9h \u00e0s 13h:<\/strong> A\u00e7\u00e3o social aberta \u00e0 popula\u00e7\u00e3o idosa, com diversos servi\u00e7os\u00a0e\u00a0atividades.<\/p>\n","protected":false},"excerpt":{"rendered":"<p>Nos dias 4 e 5 de junho, Cabo Frio ser\u00e1 palco de um importante evento voltado \u00e0 valoriza\u00e7\u00e3o e \u00e0 promo\u00e7\u00e3o dos direitos da pessoa idosa. A Confer\u00eancia Regional da Pessoa Idosa, realizada pela Prefeitura em conjunto com o Governo do Estado do Rio de Janeiro, vai reunir representantes da sociedade civil, \u00f3rg\u00e3os p\u00fablicos e [&hellip;]<\/p>\n","protected":false},"author":2,"featured_media":18859,"comment_status":"open","ping_status":"open","sticky":true,"template":"","format":"standard","meta":{"footnotes":""},"categories":[340],"tags":[1896],"class_list":["post-18858","post","type-post","status-publish","format-standard","has-post-thumbnail","hentry","category-cabo-frio","tag-destaque"],"_links":{"self":[{"href":"https:\/\/blogdodanielgalvao.com.br\/site\/wp-json\/wp\/v2\/posts\/18858","targetHints":{"allow":["GET"]}}],"collection":[{"href":"https:\/\/blogdodanielgalvao.com.br\/site\/wp-json\/wp\/v2\/posts"}],"about":[{"href":"https:\/\/blogdodanielgalvao.com.br\/site\/wp-json\/wp\/v2\/types\/post"}],"author":[{"embeddable":true,"href":"https:\/\/blogdodanielgalvao.com.br\/site\/wp-json\/wp\/v2\/users\/2"}],"replies":[{"embeddable":true,"href":"https:\/\/blogdodanielgalvao.com.br\/site\/wp-json\/wp\/v2\/comments?post=18858"}],"version-history":[{"count":1,"href":"https:\/\/blogdodanielgalvao.com.br\/site\/wp-json\/wp\/v2\/posts\/18858\/revisions"}],"predecessor-version":[{"id":18860,"href":"https:\/\/blogdodanielgalvao.com.br\/site\/wp-json\/wp\/v2\/posts\/18858\/revisions\/18860"}],"wp:featuredmedia":[{"embeddable":true,"href":"https:\/\/blogdodanielgalvao.com.br\/site\/wp-json\/wp\/v2\/media\/18859"}],"wp:attachment":[{"href":"https:\/\/blogdodanielgalvao.com.br\/site\/wp-json\/wp\/v2\/media?parent=18858"}],"wp:term":[{"taxonomy":"category","embeddable":true,"href":"https:\/\/blogdodanielgalvao.com.br\/site\/wp-json\/wp\/v2\/categories?post=18858"},{"taxonomy":"post_tag","embeddable":true,"href":"https:\/\/blogdodanielgalvao.com.br\/site\/wp-json\/wp\/v2\/tags?post=18858"}],"curies":[{"name":"wp","href":"https:\/\/api.w.org\/{rel}","templated":true}]}}