{"id":18767,"date":"2025-05-27T17:16:31","date_gmt":"2025-05-27T20:16:31","guid":{"rendered":"https:\/\/blogdodanielgalvao.com.br\/site\/?p=18767"},"modified":"2025-05-27T17:16:37","modified_gmt":"2025-05-27T20:16:37","slug":"xodo-de-menino-e-roubado-apos-invasao-a-residencia-em-cabo-frio","status":"publish","type":"post","link":"https:\/\/blogdodanielgalvao.com.br\/site\/xodo-de-menino-e-roubado-apos-invasao-a-residencia-em-cabo-frio\/","title":{"rendered":"\u201cXod\u00f3\u201d de menino \u00e9 roubado ap\u00f3s invas\u00e3o a resid\u00eancia em Cabo Frio"},"content":{"rendered":"<p>Um furto ocorrido na tarde desta segunda-feira (26) deixou uma fam\u00edlia abalada no bairro Ville Blanche, em Cabo Frio. A bicicleta de um menino, considerada seu bem mais querido, foi levada por um homem que invadiu a resid\u00eancia por volta das 14h.<\/p>\n<p>As c\u00e2meras de seguran\u00e7a do im\u00f3vel registraram toda a a\u00e7\u00e3o. O suspeito \u00e9 visto pulando o muro da casa, pegando a bicicleta \u2014 comprada h\u00e1 apenas dois meses \u2014 e a passando por cima do port\u00e3o. Logo depois, ele tamb\u00e9m salta o muro e foge pedalando.<\/p>\n<p>A perda, mais do que material, teve um impacto emocional na crian\u00e7a, segundo relato dos familiares. A ocorr\u00eancia foi formalizada na 126\u00aa Delegacia de Pol\u00edcia (126\u00aa DP), que j\u00e1 iniciou a investiga\u00e7\u00e3o\u00a0do\u00a0caso.<\/p>\n","protected":false},"excerpt":{"rendered":"<p>Um furto ocorrido na tarde desta segunda-feira (26) deixou uma fam\u00edlia abalada no bairro Ville Blanche, em Cabo Frio. A bicicleta de um menino, considerada seu bem mais querido, foi levada por um homem que invadiu a resid\u00eancia por volta das 14h. As c\u00e2meras de seguran\u00e7a do im\u00f3vel registraram toda a a\u00e7\u00e3o. O suspeito \u00e9 [&hellip;]<\/p>\n","protected":false},"author":2,"featured_media":18768,"comment_status":"open","ping_status":"open","sticky":true,"template":"","format":"standard","meta":{"footnotes":""},"categories":[340],"tags":[1896],"class_list":["post-18767","post","type-post","status-publish","format-standard","has-post-thumbnail","hentry","category-cabo-frio","tag-destaque"],"_links":{"self":[{"href":"https:\/\/blogdodanielgalvao.com.br\/site\/wp-json\/wp\/v2\/posts\/18767","targetHints":{"allow":["GET"]}}],"collection":[{"href":"https:\/\/blogdodanielgalvao.com.br\/site\/wp-json\/wp\/v2\/posts"}],"about":[{"href":"https:\/\/blogdodanielgalvao.com.br\/site\/wp-json\/wp\/v2\/types\/post"}],"author":[{"embeddable":true,"href":"https:\/\/blogdodanielgalvao.com.br\/site\/wp-json\/wp\/v2\/users\/2"}],"replies":[{"embeddable":true,"href":"https:\/\/blogdodanielgalvao.com.br\/site\/wp-json\/wp\/v2\/comments?post=18767"}],"version-history":[{"count":1,"href":"https:\/\/blogdodanielgalvao.com.br\/site\/wp-json\/wp\/v2\/posts\/18767\/revisions"}],"predecessor-version":[{"id":18769,"href":"https:\/\/blogdodanielgalvao.com.br\/site\/wp-json\/wp\/v2\/posts\/18767\/revisions\/18769"}],"wp:featuredmedia":[{"embeddable":true,"href":"https:\/\/blogdodanielgalvao.com.br\/site\/wp-json\/wp\/v2\/media\/18768"}],"wp:attachment":[{"href":"https:\/\/blogdodanielgalvao.com.br\/site\/wp-json\/wp\/v2\/media?parent=18767"}],"wp:term":[{"taxonomy":"category","embeddable":true,"href":"https:\/\/blogdodanielgalvao.com.br\/site\/wp-json\/wp\/v2\/categories?post=18767"},{"taxonomy":"post_tag","embeddable":true,"href":"https:\/\/blogdodanielgalvao.com.br\/site\/wp-json\/wp\/v2\/tags?post=18767"}],"curies":[{"name":"wp","href":"https:\/\/api.w.org\/{rel}","templated":true}]}}