{"id":18475,"date":"2025-05-21T16:40:39","date_gmt":"2025-05-21T19:40:39","guid":{"rendered":"https:\/\/blogdodanielgalvao.com.br\/site\/?p=18475"},"modified":"2025-05-21T16:40:39","modified_gmt":"2025-05-21T19:40:39","slug":"homicidio-no-carnaval-de-cabo-frio-tem-um-dos-suspeitos-preso-em-belo-horizonte","status":"publish","type":"post","link":"https:\/\/blogdodanielgalvao.com.br\/site\/homicidio-no-carnaval-de-cabo-frio-tem-um-dos-suspeitos-preso-em-belo-horizonte\/","title":{"rendered":"Homic\u00eddio no Carnaval de Cabo Frio tem um dos suspeitos preso em Belo Horizonte"},"content":{"rendered":"<p>Na \u00faltima quarta-feira (21), em Belo Horizonte (MG), Caio Henrique Mendes Reis foi preso durante a Opera\u00e7\u00e3o Ressaca, conduzida pela pol\u00edcia civil de Cabo Frio com apoio das autoridades mineiras. Ele \u00e9 um dos suspeitos de ter atirado contra um ambulante na Praia do Forte, em Cabo Frio, no \u00faltimo dia do Carnaval, 4 de mar\u00e7o.<\/p>\n<p>As investiga\u00e7\u00f5es apontam que o crime teve in\u00edcio ap\u00f3s uma discuss\u00e3o entre tr\u00eas turistas de Minas Gerais e o ambulante Elisio Albino dos Santos, de 40 anos. Tudo come\u00e7ou por causa de uma briga envolvendo a cobran\u00e7a de um copo de gelo. Segundo relatos, os turistas chegaram a afirmar ser \u201cdo crime\u201d de Minas Gerais. Depois de se afastarem, eles voltaram minutos depois e, no meio da confus\u00e3o, um deles disparou contra o ambulante, que foi socorrido, mas n\u00e3o resistiu aos ferimentos.<\/p>\n<p>A pol\u00edcia conseguiu identificar Caio Henrique ap\u00f3s analisar imagens das c\u00e2meras de seguran\u00e7a e ouvir testemunhas. Ele j\u00e1 responde por crimes graves, como tr\u00e1fico de drogas, porte ilegal de arma, homic\u00eddio e roubo. Outro suspeito, Diego do Carmo Ces\u00e1rio, foi detido logo ap\u00f3s o crime, mas se negou a revelar quem eram os comparsas. Agora, as autoridades est\u00e3o atr\u00e1s do terceiro envolvido, Wilmar J\u00fanior Gon\u00e7alves dos Santos, que tamb\u00e9m tem antecedentes criminais relacionados a tr\u00e1fico\u00a0e\u00a0homic\u00eddio.<\/p>\n","protected":false},"excerpt":{"rendered":"<p>Na \u00faltima quarta-feira (21), em Belo Horizonte (MG), Caio Henrique Mendes Reis foi preso durante a Opera\u00e7\u00e3o Ressaca, conduzida pela pol\u00edcia civil de Cabo Frio com apoio das autoridades mineiras. Ele \u00e9 um dos suspeitos de ter atirado contra um ambulante na Praia do Forte, em Cabo Frio, no \u00faltimo dia do Carnaval, 4 de [&hellip;]<\/p>\n","protected":false},"author":2,"featured_media":18476,"comment_status":"open","ping_status":"open","sticky":true,"template":"","format":"standard","meta":{"footnotes":""},"categories":[340],"tags":[1896],"class_list":["post-18475","post","type-post","status-publish","format-standard","has-post-thumbnail","hentry","category-cabo-frio","tag-destaque"],"_links":{"self":[{"href":"https:\/\/blogdodanielgalvao.com.br\/site\/wp-json\/wp\/v2\/posts\/18475","targetHints":{"allow":["GET"]}}],"collection":[{"href":"https:\/\/blogdodanielgalvao.com.br\/site\/wp-json\/wp\/v2\/posts"}],"about":[{"href":"https:\/\/blogdodanielgalvao.com.br\/site\/wp-json\/wp\/v2\/types\/post"}],"author":[{"embeddable":true,"href":"https:\/\/blogdodanielgalvao.com.br\/site\/wp-json\/wp\/v2\/users\/2"}],"replies":[{"embeddable":true,"href":"https:\/\/blogdodanielgalvao.com.br\/site\/wp-json\/wp\/v2\/comments?post=18475"}],"version-history":[{"count":1,"href":"https:\/\/blogdodanielgalvao.com.br\/site\/wp-json\/wp\/v2\/posts\/18475\/revisions"}],"predecessor-version":[{"id":18477,"href":"https:\/\/blogdodanielgalvao.com.br\/site\/wp-json\/wp\/v2\/posts\/18475\/revisions\/18477"}],"wp:featuredmedia":[{"embeddable":true,"href":"https:\/\/blogdodanielgalvao.com.br\/site\/wp-json\/wp\/v2\/media\/18476"}],"wp:attachment":[{"href":"https:\/\/blogdodanielgalvao.com.br\/site\/wp-json\/wp\/v2\/media?parent=18475"}],"wp:term":[{"taxonomy":"category","embeddable":true,"href":"https:\/\/blogdodanielgalvao.com.br\/site\/wp-json\/wp\/v2\/categories?post=18475"},{"taxonomy":"post_tag","embeddable":true,"href":"https:\/\/blogdodanielgalvao.com.br\/site\/wp-json\/wp\/v2\/tags?post=18475"}],"curies":[{"name":"wp","href":"https:\/\/api.w.org\/{rel}","templated":true}]}}