{"id":18472,"date":"2025-05-21T16:24:54","date_gmt":"2025-05-21T19:24:54","guid":{"rendered":"https:\/\/blogdodanielgalvao.com.br\/site\/?p=18472"},"modified":"2025-05-21T16:24:54","modified_gmt":"2025-05-21T19:24:54","slug":"araruama-literaria-que-comeca-nessa-sexta-23-tem-videos-de-convidados-confirmados","status":"publish","type":"post","link":"https:\/\/blogdodanielgalvao.com.br\/site\/araruama-literaria-que-comeca-nessa-sexta-23-tem-videos-de-convidados-confirmados\/","title":{"rendered":"Araruama Liter\u00e1ria, que come\u00e7a nessa sexta, 23, tem v\u00eddeos de convidados confirmados"},"content":{"rendered":"<p>Come\u00e7a em Araruama, nessa sexta-feira, 23, a feira Araruama Liter\u00e1ria, que acontece de sexta a segunda-feira, 26, com uma programa\u00e7\u00e3o para l\u00e1 de badalada, com muitos convidados especiais e atra\u00e7\u00f5es musicais imperd\u00edveis.<\/p>\n<p>O evento, que \u00e9 realizado pela prefeitura, atrav\u00e9s da Secretaria de Educa\u00e7\u00e3o, acontece na Pra\u00e7a Menino Jo\u00e3o H\u00e9lio, no Centro, e vem chamando a aten\u00e7\u00e3o da regi\u00e3o, atraindo ainda mais os olhares do mundo liter\u00e1rio para a cidade da Regi\u00e3o dos Lagos.<\/p>\n<p>Nessa semana, diversos convidados do evento publicaram v\u00eddeos nas redes sociais, convidando para o evento, que recebe, por exemplo, o apresentador Serginho Groisman, que nos \u00faltimos 14 anos, tem comandado o programa \u201cAltas Horas\u201d, nas noites de s\u00e1bado, na TV Globo.<\/p>\n<p>\u201cNesse s\u00e1bado, dia 24, a partir das 15h da tarde, eu vou estar no Araruama Liter\u00e1ria, na cidade de Araruama, Rio de Janeiro. \u00c9 gratuito, espero voc\u00ea, e faz parte, como eu j\u00e1 falei, do Araruama Liter\u00e1ria, que \u00e9 um evento incr\u00edvel. At\u00e9 l\u00e1. Espero voc\u00eas\u201d, convidou Serginho Groisman.<\/p>\n<p>O jornalista e apresentador dividir\u00e1 o palco no s\u00e1bado com o tamb\u00e9m apresentador e jornalista Manoel Soares, cofundador da Central \u00danica das Favelas (CUFA), no Rio de Janeiro, al\u00e9m de escritor e um dos grandes nomes do ativismo social no Brasil.<\/p>\n<p>\u201c\u00c9 um evento que celebra vozes da literatura, a cultura que precisa ser ouvida por todos os lugares. E eu acho que voc\u00ea vai gostar muito de participar. Vai ser \u00e0s 15h, na Pra\u00e7a Menino Jo\u00e3o H\u00e9lio, e eu vou estar, gente, com Serginho Groisman; imagine a minha honra? Vai ser um bate papo super potente com juventude, falando sobre representatividade e tudo isso que o Brasil escuta e fala, aquilo que o Brasil transmite e recebe. Vai ser um evento aberto ao p\u00fablico, ent\u00e3o n\u00e3o deixe de participar\u201d, refor\u00e7ou Manoel Soares.<\/p>\n<p>Para abrir a programa\u00e7\u00e3o nessa sexta-feira, 23, a tenda principal recebe, a partir das 18h, outros grandes nomes da literatura nacional, o escritor Fabr\u00edcio Carpinejar, e o rapper, escritor e ativista MV Bill, que tamb\u00e9m gravaram suas mensagens para o p\u00fablico do evento.<\/p>\n<p>\u201cP\u00f5e na agenda. Estarei na mesa de debates e vou contar para voc\u00eas como a literatura entrou em minha vida e ficou. E se transformou no meu trabalho, na minha alegria, no meu contato com voc\u00ea. Araruama Liter\u00e1ria. Para quem tem fome e sede de ler\u201d, avisou Fabr\u00edcio Carpinejar.<\/p>\n<p>\u201cA gente vai falar sobre v\u00e1rios assuntos, um bate papo muito legal, no qual eu vou estar com o meu livro mais recente, chamado \u2018A Vida me Ensinou a Caminhar\u2019, com vendas no local. Ent\u00e3o a gente se encontra dia 23, sexta-feira, a\u00ed em Araruama\u201d, completou MV Bill.<\/p>\n<p>Outro que deixou sua mensagem nas redes sociais para o p\u00fablico do evento foi o historiador e escritor Leandro Karnal, confirmado com grande atra\u00e7\u00e3o da tenda principal com uma palestra no domingo, 25, a partir das 16h.<\/p>\n<p>\u201cDomingo, 25 de maio, 16h, na Pra\u00e7a Menino Jo\u00e3o H\u00e9lio, em Araruama; j\u00e1 pensou num programa cultural, liter\u00e1rio, muito, muito bom? Venha estar comigo, Leandro Karnal. Espero voc\u00eas l\u00e1\u201d, convidou.<\/p>\n<p>O evento conta ainda com nomes como Concei\u00e7\u00e3o Evaristo, Sinara R\u00fabia, Quezia Tebet, Daniel Munduruku, Arassari Patax\u00f3, Ramon Nunes Mello e Maria Ca\u00fa, al\u00e9m de shows para l\u00e1 de especiais de artistas como Seu Jorge, Frejat e Jorge Vercillo. Para conferir a programa\u00e7\u00e3o completa, basta acessar as redes sociais da prefeitura.<\/p>\n","protected":false},"excerpt":{"rendered":"<p>Come\u00e7a em Araruama, nessa sexta-feira, 23, a feira Araruama Liter\u00e1ria, que acontece de sexta a segunda-feira, 26, com uma programa\u00e7\u00e3o para l\u00e1 de badalada, com muitos convidados especiais e atra\u00e7\u00f5es musicais imperd\u00edveis. O evento, que \u00e9 realizado pela prefeitura, atrav\u00e9s da Secretaria de Educa\u00e7\u00e3o, acontece na Pra\u00e7a Menino Jo\u00e3o H\u00e9lio, no Centro, e vem chamando [&hellip;]<\/p>\n","protected":false},"author":2,"featured_media":18473,"comment_status":"open","ping_status":"open","sticky":true,"template":"","format":"standard","meta":{"footnotes":""},"categories":[208],"tags":[1896],"class_list":["post-18472","post","type-post","status-publish","format-standard","has-post-thumbnail","hentry","category-araruama","tag-destaque"],"_links":{"self":[{"href":"https:\/\/blogdodanielgalvao.com.br\/site\/wp-json\/wp\/v2\/posts\/18472","targetHints":{"allow":["GET"]}}],"collection":[{"href":"https:\/\/blogdodanielgalvao.com.br\/site\/wp-json\/wp\/v2\/posts"}],"about":[{"href":"https:\/\/blogdodanielgalvao.com.br\/site\/wp-json\/wp\/v2\/types\/post"}],"author":[{"embeddable":true,"href":"https:\/\/blogdodanielgalvao.com.br\/site\/wp-json\/wp\/v2\/users\/2"}],"replies":[{"embeddable":true,"href":"https:\/\/blogdodanielgalvao.com.br\/site\/wp-json\/wp\/v2\/comments?post=18472"}],"version-history":[{"count":1,"href":"https:\/\/blogdodanielgalvao.com.br\/site\/wp-json\/wp\/v2\/posts\/18472\/revisions"}],"predecessor-version":[{"id":18474,"href":"https:\/\/blogdodanielgalvao.com.br\/site\/wp-json\/wp\/v2\/posts\/18472\/revisions\/18474"}],"wp:featuredmedia":[{"embeddable":true,"href":"https:\/\/blogdodanielgalvao.com.br\/site\/wp-json\/wp\/v2\/media\/18473"}],"wp:attachment":[{"href":"https:\/\/blogdodanielgalvao.com.br\/site\/wp-json\/wp\/v2\/media?parent=18472"}],"wp:term":[{"taxonomy":"category","embeddable":true,"href":"https:\/\/blogdodanielgalvao.com.br\/site\/wp-json\/wp\/v2\/categories?post=18472"},{"taxonomy":"post_tag","embeddable":true,"href":"https:\/\/blogdodanielgalvao.com.br\/site\/wp-json\/wp\/v2\/tags?post=18472"}],"curies":[{"name":"wp","href":"https:\/\/api.w.org\/{rel}","templated":true}]}}