{"id":18466,"date":"2025-05-21T16:13:48","date_gmt":"2025-05-21T19:13:48","guid":{"rendered":"https:\/\/blogdodanielgalvao.com.br\/site\/?p=18466"},"modified":"2025-05-21T16:13:48","modified_gmt":"2025-05-21T19:13:48","slug":"bike-night-movimenta-ciclistas-de-todas-as-idades-nas-ruas-de-cabo-frio-nesta-quinta-feira","status":"publish","type":"post","link":"https:\/\/blogdodanielgalvao.com.br\/site\/bike-night-movimenta-ciclistas-de-todas-as-idades-nas-ruas-de-cabo-frio-nesta-quinta-feira\/","title":{"rendered":"Bike Night movimenta ciclistas de todas as idades nas ruas de Cabo Frio nesta quinta-feira"},"content":{"rendered":"<p>O ponto de partida para o tradicional passeio cicl\u00edstico noturno ser\u00e1 na Rua Expedicion\u00e1rio da P\u00e1tria, n\u00ba 952, Lojas 2 e 3, no bairro S\u00e3o Crist\u00f3v\u00e3o, em frente \u00e0 Loja Show Bike. A concentra\u00e7\u00e3o est\u00e1 marcada para \u00e0s 19h30, e a expectativa \u00e9 de mais uma noite de divers\u00e3o sobre duas rodas com a realiza\u00e7\u00e3o de mais uma edi\u00e7\u00e3o do Bike Night.<\/p>\n<p>O trajeto ter\u00e1 n\u00edvel leve de dificuldade, o que torna o evento acess\u00edvel a ciclistas de todos os n\u00edveis: desde iniciantes at\u00e9 grupos mais experientes e fam\u00edlias inteiras. A proposta \u00e9 justamente unir diferentes perfis de participantes num passeio coletivo pelas ruas da cidade, promovendo sa\u00fade, lazer e integra\u00e7\u00e3o.<\/p>\n<p>Ao longo do percurso, os participantes poder\u00e3o concorrer a sorteios de brindes. A organiza\u00e7\u00e3o refor\u00e7a a import\u00e2ncia do uso de itens de seguran\u00e7a, como capacetes e luzes nas bicicletas, j\u00e1 que o trajeto acontecer\u00e1 \u00e0 noite.<\/p>\n<p>Mais do que um passeio, o Bike Night refor\u00e7a o esp\u00edrito de comunidade entre os amantes da bike e o incentivo \u00e0 mobilidade sustent\u00e1vel\u00a0em\u00a0Cabo\u00a0Frio.<\/p>\n","protected":false},"excerpt":{"rendered":"<p>O ponto de partida para o tradicional passeio cicl\u00edstico noturno ser\u00e1 na Rua Expedicion\u00e1rio da P\u00e1tria, n\u00ba 952, Lojas 2 e 3, no bairro S\u00e3o Crist\u00f3v\u00e3o, em frente \u00e0 Loja Show Bike. A concentra\u00e7\u00e3o est\u00e1 marcada para \u00e0s 19h30, e a expectativa \u00e9 de mais uma noite de divers\u00e3o sobre duas rodas com a realiza\u00e7\u00e3o [&hellip;]<\/p>\n","protected":false},"author":2,"featured_media":18467,"comment_status":"open","ping_status":"open","sticky":true,"template":"","format":"standard","meta":{"footnotes":""},"categories":[340],"tags":[1896],"class_list":["post-18466","post","type-post","status-publish","format-standard","has-post-thumbnail","hentry","category-cabo-frio","tag-destaque"],"_links":{"self":[{"href":"https:\/\/blogdodanielgalvao.com.br\/site\/wp-json\/wp\/v2\/posts\/18466","targetHints":{"allow":["GET"]}}],"collection":[{"href":"https:\/\/blogdodanielgalvao.com.br\/site\/wp-json\/wp\/v2\/posts"}],"about":[{"href":"https:\/\/blogdodanielgalvao.com.br\/site\/wp-json\/wp\/v2\/types\/post"}],"author":[{"embeddable":true,"href":"https:\/\/blogdodanielgalvao.com.br\/site\/wp-json\/wp\/v2\/users\/2"}],"replies":[{"embeddable":true,"href":"https:\/\/blogdodanielgalvao.com.br\/site\/wp-json\/wp\/v2\/comments?post=18466"}],"version-history":[{"count":1,"href":"https:\/\/blogdodanielgalvao.com.br\/site\/wp-json\/wp\/v2\/posts\/18466\/revisions"}],"predecessor-version":[{"id":18468,"href":"https:\/\/blogdodanielgalvao.com.br\/site\/wp-json\/wp\/v2\/posts\/18466\/revisions\/18468"}],"wp:featuredmedia":[{"embeddable":true,"href":"https:\/\/blogdodanielgalvao.com.br\/site\/wp-json\/wp\/v2\/media\/18467"}],"wp:attachment":[{"href":"https:\/\/blogdodanielgalvao.com.br\/site\/wp-json\/wp\/v2\/media?parent=18466"}],"wp:term":[{"taxonomy":"category","embeddable":true,"href":"https:\/\/blogdodanielgalvao.com.br\/site\/wp-json\/wp\/v2\/categories?post=18466"},{"taxonomy":"post_tag","embeddable":true,"href":"https:\/\/blogdodanielgalvao.com.br\/site\/wp-json\/wp\/v2\/tags?post=18466"}],"curies":[{"name":"wp","href":"https:\/\/api.w.org\/{rel}","templated":true}]}}