{"id":18463,"date":"2025-05-21T16:07:49","date_gmt":"2025-05-21T19:07:49","guid":{"rendered":"https:\/\/blogdodanielgalvao.com.br\/site\/?p=18463"},"modified":"2025-05-21T16:07:49","modified_gmt":"2025-05-21T19:07:49","slug":"alunos-da-creche-sotero-teixeira-de-souza-arraial-do-cabo-participam-da-liberacao-de-tartaruga-marinha","status":"publish","type":"post","link":"https:\/\/blogdodanielgalvao.com.br\/site\/alunos-da-creche-sotero-teixeira-de-souza-arraial-do-cabo-participam-da-liberacao-de-tartaruga-marinha\/","title":{"rendered":"Alunos da Creche Sotero Teixeira de Souza, Arraial do Cabo, participam da libera\u00e7\u00e3o de tartaruga marinha"},"content":{"rendered":"<p>Nesta ter\u00e7a-feira (20), os estudantes da Creche Sotero Teixeira de Souza, localizada em Pernambuca, tiveram uma manh\u00e3 memor\u00e1vel. Eles acompanharam a soltura de uma tartaruga-verde (Chelonia mydas) que foi devolvida ao oceano na Praia do Vargas, em Praia Seca, Araruama, pr\u00f3ximo \u00e0 divisa com Arraial do Cabo.<\/p>\n<p>A iniciativa foi promovida pelo Instituto BW (IBW), uma ONG que atua na Regi\u00e3o dos Lagos e no Norte Fluminense desde 2020, e que \u00e9 uma das organiza\u00e7\u00f5es respons\u00e1veis pela execu\u00e7\u00e3o do PMP-BC\/ES no estado do Rio de Janeiro.<\/p>\n<p>Ap\u00f3s passar por tratamento e receber alta veterin\u00e1ria, a tartaruga p\u00f4de voltar ao seu habitat natural. Educar \u00e9 conservar. Juntos, temos o poder de proteger o futuro da\u00a0vida\u00a0marinha.<\/p>\n","protected":false},"excerpt":{"rendered":"<p>Nesta ter\u00e7a-feira (20), os estudantes da Creche Sotero Teixeira de Souza, localizada em Pernambuca, tiveram uma manh\u00e3 memor\u00e1vel. Eles acompanharam a soltura de uma tartaruga-verde (Chelonia mydas) que foi devolvida ao oceano na Praia do Vargas, em Praia Seca, Araruama, pr\u00f3ximo \u00e0 divisa com Arraial do Cabo. A iniciativa foi promovida pelo Instituto BW (IBW), [&hellip;]<\/p>\n","protected":false},"author":2,"featured_media":18464,"comment_status":"open","ping_status":"open","sticky":true,"template":"","format":"standard","meta":{"footnotes":""},"categories":[838],"tags":[1896],"class_list":["post-18463","post","type-post","status-publish","format-standard","has-post-thumbnail","hentry","category-arraial-do-cabo","tag-destaque"],"_links":{"self":[{"href":"https:\/\/blogdodanielgalvao.com.br\/site\/wp-json\/wp\/v2\/posts\/18463","targetHints":{"allow":["GET"]}}],"collection":[{"href":"https:\/\/blogdodanielgalvao.com.br\/site\/wp-json\/wp\/v2\/posts"}],"about":[{"href":"https:\/\/blogdodanielgalvao.com.br\/site\/wp-json\/wp\/v2\/types\/post"}],"author":[{"embeddable":true,"href":"https:\/\/blogdodanielgalvao.com.br\/site\/wp-json\/wp\/v2\/users\/2"}],"replies":[{"embeddable":true,"href":"https:\/\/blogdodanielgalvao.com.br\/site\/wp-json\/wp\/v2\/comments?post=18463"}],"version-history":[{"count":1,"href":"https:\/\/blogdodanielgalvao.com.br\/site\/wp-json\/wp\/v2\/posts\/18463\/revisions"}],"predecessor-version":[{"id":18465,"href":"https:\/\/blogdodanielgalvao.com.br\/site\/wp-json\/wp\/v2\/posts\/18463\/revisions\/18465"}],"wp:featuredmedia":[{"embeddable":true,"href":"https:\/\/blogdodanielgalvao.com.br\/site\/wp-json\/wp\/v2\/media\/18464"}],"wp:attachment":[{"href":"https:\/\/blogdodanielgalvao.com.br\/site\/wp-json\/wp\/v2\/media?parent=18463"}],"wp:term":[{"taxonomy":"category","embeddable":true,"href":"https:\/\/blogdodanielgalvao.com.br\/site\/wp-json\/wp\/v2\/categories?post=18463"},{"taxonomy":"post_tag","embeddable":true,"href":"https:\/\/blogdodanielgalvao.com.br\/site\/wp-json\/wp\/v2\/tags?post=18463"}],"curies":[{"name":"wp","href":"https:\/\/api.w.org\/{rel}","templated":true}]}}