{"id":18460,"date":"2025-05-21T15:52:36","date_gmt":"2025-05-21T18:52:36","guid":{"rendered":"https:\/\/blogdodanielgalvao.com.br\/site\/?p=18460"},"modified":"2025-05-21T15:52:36","modified_gmt":"2025-05-21T18:52:36","slug":"arraial-do-cabo-inicia-programa-de-capacitacao-continua-para-educadores-e-profissionais-da-area","status":"publish","type":"post","link":"https:\/\/blogdodanielgalvao.com.br\/site\/arraial-do-cabo-inicia-programa-de-capacitacao-continua-para-educadores-e-profissionais-da-area\/","title":{"rendered":"Arraial do Cabo inicia programa de capacita\u00e7\u00e3o cont\u00ednua para educadores e profissionais da \u00e1rea"},"content":{"rendered":"<p>Come\u00e7ou nesta ter\u00e7a-feira (20) o cronograma semanal da Capacita\u00e7\u00e3o Continuada para profissionais da Educa\u00e7\u00e3o em Arraial do Cabo. Voltadas para professores e demais colaboradores da rede municipal, as atividades acontecem no Centro Educacional e Cultural Manoel Camargo, nos turnos da manh\u00e3 e tarde. Nesta primeira etapa, os docentes de L\u00edngua Portuguesa que atuam com turmas do 9\u00ba ano do Ensino Fundamental II participaram do curso \u201cL\u00edngua Portuguesa \u2013 ler, compreender e escrever nos anos finais\u201d, conduzido pelo coordenador da \u00e1rea de Linguagem do Ensino M\u00e9dio e EJA, Raphael Victoriense.<\/p>\n<p>Segundo Rosana Vidal, diretora de Forma\u00e7\u00e3o Inicial e Continuada da Secretaria Municipal de Educa\u00e7\u00e3o, a capacita\u00e7\u00e3o tem como um dos principais objetivos preparar os professores para orientar os alunos nas provas do SAEB (Sistema de Avalia\u00e7\u00e3o da Educa\u00e7\u00e3o B\u00e1sica).<\/p>\n<p>\u201cCom base na an\u00e1lise dos resultados das avalia\u00e7\u00f5es, identificamos compet\u00eancias que ainda apresentam desafios para os estudantes. Por isso, estruturamos forma\u00e7\u00f5es e oficinas pr\u00e1ticas para fortalecer essas habilidades e elevar o desempenho nas avalia\u00e7\u00f5es do SAEB\u201d, explica Rosana Vidal.<\/p>\n<p>A programa\u00e7\u00e3o segue ao longo da semana. Na quarta-feira (21), diretores, orientadores, supervisores e inspetores participar\u00e3o de uma forma\u00e7\u00e3o sobre as fun\u00e7\u00f5es de cada colaborador no processo avaliativo, tamb\u00e9m no Centro Educacional e Cultural Manoel Camargo, \u00e0s 14h. Ainda na quarta, os professores da Educa\u00e7\u00e3o Infantil estar\u00e3o envolvidos em capacita\u00e7\u00e3o, das 8h \u00e0s 13h, na Primeira Igreja Batista.<\/p>\n<p>Na quinta-feira (22), a capacita\u00e7\u00e3o para os professores da Educa\u00e7\u00e3o Infantil continuar\u00e1 na Primeira Batista. E na sexta-feira (23), ser\u00e1 a vez dos professores de Matem\u00e1tica que atuam com turmas do 9\u00ba ano participarem\u00a0da\u00a0forma\u00e7\u00e3o.<\/p>\n","protected":false},"excerpt":{"rendered":"<p>Come\u00e7ou nesta ter\u00e7a-feira (20) o cronograma semanal da Capacita\u00e7\u00e3o Continuada para profissionais da Educa\u00e7\u00e3o em Arraial do Cabo. Voltadas para professores e demais colaboradores da rede municipal, as atividades acontecem no Centro Educacional e Cultural Manoel Camargo, nos turnos da manh\u00e3 e tarde. Nesta primeira etapa, os docentes de L\u00edngua Portuguesa que atuam com turmas [&hellip;]<\/p>\n","protected":false},"author":2,"featured_media":18461,"comment_status":"open","ping_status":"open","sticky":true,"template":"","format":"standard","meta":{"footnotes":""},"categories":[838],"tags":[1896],"class_list":["post-18460","post","type-post","status-publish","format-standard","has-post-thumbnail","hentry","category-arraial-do-cabo","tag-destaque"],"_links":{"self":[{"href":"https:\/\/blogdodanielgalvao.com.br\/site\/wp-json\/wp\/v2\/posts\/18460","targetHints":{"allow":["GET"]}}],"collection":[{"href":"https:\/\/blogdodanielgalvao.com.br\/site\/wp-json\/wp\/v2\/posts"}],"about":[{"href":"https:\/\/blogdodanielgalvao.com.br\/site\/wp-json\/wp\/v2\/types\/post"}],"author":[{"embeddable":true,"href":"https:\/\/blogdodanielgalvao.com.br\/site\/wp-json\/wp\/v2\/users\/2"}],"replies":[{"embeddable":true,"href":"https:\/\/blogdodanielgalvao.com.br\/site\/wp-json\/wp\/v2\/comments?post=18460"}],"version-history":[{"count":1,"href":"https:\/\/blogdodanielgalvao.com.br\/site\/wp-json\/wp\/v2\/posts\/18460\/revisions"}],"predecessor-version":[{"id":18462,"href":"https:\/\/blogdodanielgalvao.com.br\/site\/wp-json\/wp\/v2\/posts\/18460\/revisions\/18462"}],"wp:featuredmedia":[{"embeddable":true,"href":"https:\/\/blogdodanielgalvao.com.br\/site\/wp-json\/wp\/v2\/media\/18461"}],"wp:attachment":[{"href":"https:\/\/blogdodanielgalvao.com.br\/site\/wp-json\/wp\/v2\/media?parent=18460"}],"wp:term":[{"taxonomy":"category","embeddable":true,"href":"https:\/\/blogdodanielgalvao.com.br\/site\/wp-json\/wp\/v2\/categories?post=18460"},{"taxonomy":"post_tag","embeddable":true,"href":"https:\/\/blogdodanielgalvao.com.br\/site\/wp-json\/wp\/v2\/tags?post=18460"}],"curies":[{"name":"wp","href":"https:\/\/api.w.org\/{rel}","templated":true}]}}