{"id":18456,"date":"2025-05-21T15:45:45","date_gmt":"2025-05-21T18:45:45","guid":{"rendered":"https:\/\/blogdodanielgalvao.com.br\/site\/?p=18456"},"modified":"2025-05-21T15:47:45","modified_gmt":"2025-05-21T18:47:45","slug":"acao-da-policia-federal-resulta-na-prisao-de-foragido-em-campos","status":"publish","type":"post","link":"https:\/\/blogdodanielgalvao.com.br\/site\/acao-da-policia-federal-resulta-na-prisao-de-foragido-em-campos\/","title":{"rendered":"A\u00e7\u00e3o da Pol\u00edcia Federal resulta na pris\u00e3o de foragido em Campos"},"content":{"rendered":"<p>Um homem considerado foragido da Justi\u00e7a foi preso pela Pol\u00edcia Federal (PF) em Campos.\u00a0 A a\u00e7\u00e3o foi realizada na \u00faltima segunda-feira (19).\u00a0 O preso era procurado por tr\u00e1fico de drogas. Ele foi capturado ap\u00f3s um levantamento de dados e troca de informa\u00e7\u00f5es com a Superintend\u00eancia da PF no Esp\u00edrito Santo.<\/p>\n<p>Com a captura, a Pol\u00edcia Federal conseguiu cumprir o mandado de pris\u00e3o que havia sido expedido pelo Tribunal de Justi\u00e7a do Estado do Esp\u00edrito Santo.<\/p>\n<p>A PF tamb\u00e9m informou que ap\u00f3s a realiza\u00e7\u00e3o dos procedimentos normais, o homem foi encaminhado para o sistema prisional do estado. Ele agora permanecer\u00e1 \u00e0 disposi\u00e7\u00e3o da Justi\u00e7a e ir\u00e1 responder pelo crime de tr\u00e1fico de drogas.<\/p>\n","protected":false},"excerpt":{"rendered":"<p>Um homem considerado foragido da Justi\u00e7a foi preso pela Pol\u00edcia Federal (PF) em Campos.\u00a0 A a\u00e7\u00e3o foi realizada na \u00faltima segunda-feira (19).\u00a0 O preso era procurado por tr\u00e1fico de drogas. Ele foi capturado ap\u00f3s um levantamento de dados e troca de informa\u00e7\u00f5es com a Superintend\u00eancia da PF no Esp\u00edrito Santo. Com a captura, a Pol\u00edcia [&hellip;]<\/p>\n","protected":false},"author":2,"featured_media":18457,"comment_status":"open","ping_status":"open","sticky":true,"template":"","format":"standard","meta":{"footnotes":""},"categories":[3],"tags":[1896],"class_list":["post-18456","post","type-post","status-publish","format-standard","has-post-thumbnail","hentry","category-campos","tag-destaque"],"_links":{"self":[{"href":"https:\/\/blogdodanielgalvao.com.br\/site\/wp-json\/wp\/v2\/posts\/18456","targetHints":{"allow":["GET"]}}],"collection":[{"href":"https:\/\/blogdodanielgalvao.com.br\/site\/wp-json\/wp\/v2\/posts"}],"about":[{"href":"https:\/\/blogdodanielgalvao.com.br\/site\/wp-json\/wp\/v2\/types\/post"}],"author":[{"embeddable":true,"href":"https:\/\/blogdodanielgalvao.com.br\/site\/wp-json\/wp\/v2\/users\/2"}],"replies":[{"embeddable":true,"href":"https:\/\/blogdodanielgalvao.com.br\/site\/wp-json\/wp\/v2\/comments?post=18456"}],"version-history":[{"count":1,"href":"https:\/\/blogdodanielgalvao.com.br\/site\/wp-json\/wp\/v2\/posts\/18456\/revisions"}],"predecessor-version":[{"id":18458,"href":"https:\/\/blogdodanielgalvao.com.br\/site\/wp-json\/wp\/v2\/posts\/18456\/revisions\/18458"}],"wp:featuredmedia":[{"embeddable":true,"href":"https:\/\/blogdodanielgalvao.com.br\/site\/wp-json\/wp\/v2\/media\/18457"}],"wp:attachment":[{"href":"https:\/\/blogdodanielgalvao.com.br\/site\/wp-json\/wp\/v2\/media?parent=18456"}],"wp:term":[{"taxonomy":"category","embeddable":true,"href":"https:\/\/blogdodanielgalvao.com.br\/site\/wp-json\/wp\/v2\/categories?post=18456"},{"taxonomy":"post_tag","embeddable":true,"href":"https:\/\/blogdodanielgalvao.com.br\/site\/wp-json\/wp\/v2\/tags?post=18456"}],"curies":[{"name":"wp","href":"https:\/\/api.w.org\/{rel}","templated":true}]}}