{"id":18453,"date":"2025-05-21T15:40:10","date_gmt":"2025-05-21T18:40:10","guid":{"rendered":"https:\/\/blogdodanielgalvao.com.br\/site\/?p=18453"},"modified":"2025-05-21T15:40:10","modified_gmt":"2025-05-21T18:40:10","slug":"acao-conjunta-em-cabo-frio-desmonta-cativeiro-ilegal-e-protege-aves-silvestres","status":"publish","type":"post","link":"https:\/\/blogdodanielgalvao.com.br\/site\/acao-conjunta-em-cabo-frio-desmonta-cativeiro-ilegal-e-protege-aves-silvestres\/","title":{"rendered":"A\u00e7\u00e3o conjunta em Cabo Frio desmonta cativeiro ilegal e protege aves silvestres"},"content":{"rendered":"<p>Nesta quarta-feira (21), a Secretaria de Meio Ambiente, Saneamento e Clima de Cabo Frio realizou uma a\u00e7\u00e3o conjunta que resultou na apreens\u00e3o de 30 aves silvestres mantidas em cativeiro irregular no bairro Jacar\u00e9, em \u00e1rea pertencente ao Parque Estadual da Costa do Sol.<\/p>\n<p>A Opera\u00e7\u00e3o Lacoste, nome que faz refer\u00eancia ao bairro, teve in\u00edcio ap\u00f3s den\u00fancia de desmatamento e constru\u00e7\u00e3o irregular no Morro do Tel\u00e9grafo, localizado dentro da \u00e1rea de prote\u00e7\u00e3o ambiental. Durante a fiscaliza\u00e7\u00e3o, al\u00e9m do dano ambiental constatado, os fiscais encontraram diversas esp\u00e9cies de p\u00e1ssaros em cativeiro, sem autoriza\u00e7\u00e3o legal.<\/p>\n<p>Entre as aves recolhidas estavam tr\u00eas trinca-ferros, nove tizis, quinze coleiros (machos e f\u00eameas), um papagaio, um melro e um bico-de-lacre \u2014 este \u00faltimo, uma esp\u00e9cie ex\u00f3tica, ou seja, n\u00e3o natural da fauna brasileira. Tamb\u00e9m foram apreendidos 13 al\u00e7ap\u00f5es usados para captura ilegal das aves e uma espingarda.<\/p>\n<p>A pr\u00e1tica caracteriza crime ambiental conforme a Lei Federal n\u00ba 9.605\/98, que trata dos delitos contra a fauna silvestre. Uma pessoa foi conduzida \u00e0 126\u00aa Delegacia de Pol\u00edcia e deve responder pelo crime.<\/p>\n<p>Os animais apreendidos foram encaminhados ao Centro de Triagem de Animais Silvestres (CETAS) do Ibama, onde passar\u00e3o por avalia\u00e7\u00e3o veterin\u00e1ria, triagem e per\u00edodo de quarentena. Caso estejam em condi\u00e7\u00f5es adequadas, poder\u00e3o ser reabilitados e devolvidos ao seu habitat natural.<\/p>\n<p>A opera\u00e7\u00e3o contou com o apoio da Guarda Mar\u00edtima e Ambiental, Instituto Estadual do Ambiente (Inea), Parque Estadual da Costa do Sol, Pol\u00edcia Militar (25\u00ba BPM), Unidade de Pol\u00edcia Ambiental (UPAM) e equipe da Ronda Ostensiva Municipal (Romu).<\/p>\n<p>\u201cO cuidado com a fauna silvestre \u00e9 responsabilidade de todos. Essa a\u00e7\u00e3o foi motivada por uma den\u00fancia cidad\u00e3 e mostra a import\u00e2ncia da atua\u00e7\u00e3o conjunta entre \u00f3rg\u00e3os ambientais e de seguran\u00e7a para combater crimes ambientais\u201d, ressaltou o secret\u00e1rio de Meio Ambiente, Saneamento e Clima, Jailton Nogueira.<\/p>\n<p>A Secretaria refor\u00e7a o compromisso com o sigilo dos denunciantes. Den\u00fancias podem ser feitas pelo e-mail <strong><u><a href=\"mailto:meioambiente@cabofrio.rj.gov.br\">meioambiente@cabofrio.rj.gov.br<\/a><\/u><\/strong> ou pelo telefone\u00a0(22)\u00a03199-1313.<\/p>\n","protected":false},"excerpt":{"rendered":"<p>Nesta quarta-feira (21), a Secretaria de Meio Ambiente, Saneamento e Clima de Cabo Frio realizou uma a\u00e7\u00e3o conjunta que resultou na apreens\u00e3o de 30 aves silvestres mantidas em cativeiro irregular no bairro Jacar\u00e9, em \u00e1rea pertencente ao Parque Estadual da Costa do Sol. A Opera\u00e7\u00e3o Lacoste, nome que faz refer\u00eancia ao bairro, teve in\u00edcio ap\u00f3s [&hellip;]<\/p>\n","protected":false},"author":2,"featured_media":18454,"comment_status":"open","ping_status":"open","sticky":true,"template":"","format":"standard","meta":{"footnotes":""},"categories":[340],"tags":[1896],"class_list":["post-18453","post","type-post","status-publish","format-standard","has-post-thumbnail","hentry","category-cabo-frio","tag-destaque"],"_links":{"self":[{"href":"https:\/\/blogdodanielgalvao.com.br\/site\/wp-json\/wp\/v2\/posts\/18453","targetHints":{"allow":["GET"]}}],"collection":[{"href":"https:\/\/blogdodanielgalvao.com.br\/site\/wp-json\/wp\/v2\/posts"}],"about":[{"href":"https:\/\/blogdodanielgalvao.com.br\/site\/wp-json\/wp\/v2\/types\/post"}],"author":[{"embeddable":true,"href":"https:\/\/blogdodanielgalvao.com.br\/site\/wp-json\/wp\/v2\/users\/2"}],"replies":[{"embeddable":true,"href":"https:\/\/blogdodanielgalvao.com.br\/site\/wp-json\/wp\/v2\/comments?post=18453"}],"version-history":[{"count":1,"href":"https:\/\/blogdodanielgalvao.com.br\/site\/wp-json\/wp\/v2\/posts\/18453\/revisions"}],"predecessor-version":[{"id":18455,"href":"https:\/\/blogdodanielgalvao.com.br\/site\/wp-json\/wp\/v2\/posts\/18453\/revisions\/18455"}],"wp:featuredmedia":[{"embeddable":true,"href":"https:\/\/blogdodanielgalvao.com.br\/site\/wp-json\/wp\/v2\/media\/18454"}],"wp:attachment":[{"href":"https:\/\/blogdodanielgalvao.com.br\/site\/wp-json\/wp\/v2\/media?parent=18453"}],"wp:term":[{"taxonomy":"category","embeddable":true,"href":"https:\/\/blogdodanielgalvao.com.br\/site\/wp-json\/wp\/v2\/categories?post=18453"},{"taxonomy":"post_tag","embeddable":true,"href":"https:\/\/blogdodanielgalvao.com.br\/site\/wp-json\/wp\/v2\/tags?post=18453"}],"curies":[{"name":"wp","href":"https:\/\/api.w.org\/{rel}","templated":true}]}}