{"id":18450,"date":"2025-05-21T15:30:17","date_gmt":"2025-05-21T18:30:17","guid":{"rendered":"https:\/\/blogdodanielgalvao.com.br\/site\/?p=18450"},"modified":"2025-05-21T15:30:17","modified_gmt":"2025-05-21T18:30:17","slug":"meio-ambiente-de-cabo-frio-avanca-em-parceria-para-desenvolvimento-integrado-na-regiao-dos-lagos","status":"publish","type":"post","link":"https:\/\/blogdodanielgalvao.com.br\/site\/meio-ambiente-de-cabo-frio-avanca-em-parceria-para-desenvolvimento-integrado-na-regiao-dos-lagos\/","title":{"rendered":"Meio Ambiente de Cabo Frio avan\u00e7a em parceria para desenvolvimento integrado na Regi\u00e3o dos Lagos"},"content":{"rendered":"<p>Na \u00faltima ter\u00e7a-feira (20), a Secretaria Municipal de Meio Ambiente, Saneamento e Clima de Cabo Frio esteve presente em mais uma reuni\u00e3o da Rede Lagos de Agentes de Desenvolvimento, realizada em Saquarema. O evento contou com a participa\u00e7\u00e3o de representantes de secretarias municipais da Regi\u00e3o dos Lagos e do Sebrae.<\/p>\n<p>O principal objetivo do encontro foi fortalecer a integra\u00e7\u00e3o das a\u00e7\u00f5es voltadas ao desenvolvimento econ\u00f4mico regional, facilitar a troca de experi\u00eancias entre os participantes e avan\u00e7ar em temas priorit\u00e1rios, como simplifica\u00e7\u00e3o de processos, Casa do Empreendedor, educa\u00e7\u00e3o voltada ao empreendedorismo e inova\u00e7\u00e3o tecnol\u00f3gica.<\/p>\n<p>\u201cA presen\u00e7a da nossa secretaria nesses encontros refor\u00e7a o compromisso de Cabo Frio com um desenvolvimento regional alinhado, sustent\u00e1vel e pautado em solu\u00e7\u00f5es inovadoras\u201d, afirmou Mila de Souza Castro, engenheira ambiental e representante da Secretaria de Meio Ambiente, Saneamento e Clima\u00a0no\u00a0evento.<\/p>\n","protected":false},"excerpt":{"rendered":"<p>Na \u00faltima ter\u00e7a-feira (20), a Secretaria Municipal de Meio Ambiente, Saneamento e Clima de Cabo Frio esteve presente em mais uma reuni\u00e3o da Rede Lagos de Agentes de Desenvolvimento, realizada em Saquarema. O evento contou com a participa\u00e7\u00e3o de representantes de secretarias municipais da Regi\u00e3o dos Lagos e do Sebrae. O principal objetivo do encontro [&hellip;]<\/p>\n","protected":false},"author":2,"featured_media":18451,"comment_status":"open","ping_status":"open","sticky":true,"template":"","format":"standard","meta":{"footnotes":""},"categories":[340],"tags":[1896],"class_list":["post-18450","post","type-post","status-publish","format-standard","has-post-thumbnail","hentry","category-cabo-frio","tag-destaque"],"_links":{"self":[{"href":"https:\/\/blogdodanielgalvao.com.br\/site\/wp-json\/wp\/v2\/posts\/18450","targetHints":{"allow":["GET"]}}],"collection":[{"href":"https:\/\/blogdodanielgalvao.com.br\/site\/wp-json\/wp\/v2\/posts"}],"about":[{"href":"https:\/\/blogdodanielgalvao.com.br\/site\/wp-json\/wp\/v2\/types\/post"}],"author":[{"embeddable":true,"href":"https:\/\/blogdodanielgalvao.com.br\/site\/wp-json\/wp\/v2\/users\/2"}],"replies":[{"embeddable":true,"href":"https:\/\/blogdodanielgalvao.com.br\/site\/wp-json\/wp\/v2\/comments?post=18450"}],"version-history":[{"count":1,"href":"https:\/\/blogdodanielgalvao.com.br\/site\/wp-json\/wp\/v2\/posts\/18450\/revisions"}],"predecessor-version":[{"id":18452,"href":"https:\/\/blogdodanielgalvao.com.br\/site\/wp-json\/wp\/v2\/posts\/18450\/revisions\/18452"}],"wp:featuredmedia":[{"embeddable":true,"href":"https:\/\/blogdodanielgalvao.com.br\/site\/wp-json\/wp\/v2\/media\/18451"}],"wp:attachment":[{"href":"https:\/\/blogdodanielgalvao.com.br\/site\/wp-json\/wp\/v2\/media?parent=18450"}],"wp:term":[{"taxonomy":"category","embeddable":true,"href":"https:\/\/blogdodanielgalvao.com.br\/site\/wp-json\/wp\/v2\/categories?post=18450"},{"taxonomy":"post_tag","embeddable":true,"href":"https:\/\/blogdodanielgalvao.com.br\/site\/wp-json\/wp\/v2\/tags?post=18450"}],"curies":[{"name":"wp","href":"https:\/\/api.w.org\/{rel}","templated":true}]}}