{"id":18438,"date":"2025-05-21T14:33:29","date_gmt":"2025-05-21T17:33:29","guid":{"rendered":"https:\/\/blogdodanielgalvao.com.br\/site\/?p=18438"},"modified":"2025-05-21T14:33:29","modified_gmt":"2025-05-21T17:33:29","slug":"prefeitura-de-cabo-frio-lanca-calendario-2025-com-programacao-cultural-e-turistica-diversificada","status":"publish","type":"post","link":"https:\/\/blogdodanielgalvao.com.br\/site\/prefeitura-de-cabo-frio-lanca-calendario-2025-com-programacao-cultural-e-turistica-diversificada\/","title":{"rendered":"Prefeitura de Cabo Frio lan\u00e7a calend\u00e1rio 2025 com programa\u00e7\u00e3o cultural e tur\u00edstica diversificada"},"content":{"rendered":"<p>A Prefeitura de Cabo Frio realiza nesta quinta-feira (22), \u00e0s 9h da manh\u00e3, o lan\u00e7amento oficial do Calend\u00e1rio de Eventos 2025 \u2014 uma iniciativa estrat\u00e9gica que visa consolidar a cidade como um dos principais destinos tur\u00edsticos do pa\u00eds durante todo o ano. O encontro acontece no Terminal de Transatl\u00e2ntico, na Avenida Nossa Senhora da Assun\u00e7\u00e3o, n\u00ba 15, no bairro Passagem, e \u00e9 aberto ao p\u00fablico, com convite estendido a moradores, empres\u00e1rios, profissionais do trade tur\u00edstico, imprensa e comerciantes locais.<\/p>\n<p>Muito mais do que datas no papel, o calend\u00e1rio que ser\u00e1 apresentado tra\u00e7a uma vis\u00e3o ampla de futuro: fortalecer a identidade cultural cabo-friense, gerar oportunidades de neg\u00f3cio e ampliar o fluxo de visitantes na baixa e alta temporadas. A proposta \u00e9 integrar festividades tradicionais, eventos culturais, esportivos, gastron\u00f4micos e de entretenimento, com foco em dinamizar a economia e valorizar os talentos locais.<\/p>\n<p>A constru\u00e7\u00e3o do calend\u00e1rio envolveu di\u00e1logo entre diferentes setores da sociedade e levou em conta a voca\u00e7\u00e3o tur\u00edstica de Cabo Frio, al\u00e9m das demandas do setor produtivo e o potencial de atratividade de cada evento. A expectativa \u00e9 que a programa\u00e7\u00e3o de 2025 funcione como motor de desenvolvimento, impactando positivamente \u00e1reas como hotelaria, gastronomia, com\u00e9rcio, transporte e produ\u00e7\u00e3o cultural.<\/p>\n<p>Com paisagens deslumbrantes, estrutura urbana em constante evolu\u00e7\u00e3o e uma agenda que busca equilibrar tradi\u00e7\u00e3o e inova\u00e7\u00e3o, Cabo Frio se posiciona, mais uma vez, como vitrine de grandes experi\u00eancias. O lan\u00e7amento do calend\u00e1rio marca o in\u00edcio de um novo ciclo para a cidade \u2014 mais conectado, mais participativo e mais preparado para receber quem chega e valorizar quem vive aqui.<\/p>\n<p>Em 2025, Cabo Frio quer mais do que ser cen\u00e1rio: quer ser\u00a0protagonista.<\/p>\n","protected":false},"excerpt":{"rendered":"<p>A Prefeitura de Cabo Frio realiza nesta quinta-feira (22), \u00e0s 9h da manh\u00e3, o lan\u00e7amento oficial do Calend\u00e1rio de Eventos 2025 \u2014 uma iniciativa estrat\u00e9gica que visa consolidar a cidade como um dos principais destinos tur\u00edsticos do pa\u00eds durante todo o ano. O encontro acontece no Terminal de Transatl\u00e2ntico, na Avenida Nossa Senhora da Assun\u00e7\u00e3o, [&hellip;]<\/p>\n","protected":false},"author":2,"featured_media":18439,"comment_status":"open","ping_status":"open","sticky":true,"template":"","format":"standard","meta":{"footnotes":""},"categories":[340],"tags":[1896],"class_list":["post-18438","post","type-post","status-publish","format-standard","has-post-thumbnail","hentry","category-cabo-frio","tag-destaque"],"_links":{"self":[{"href":"https:\/\/blogdodanielgalvao.com.br\/site\/wp-json\/wp\/v2\/posts\/18438","targetHints":{"allow":["GET"]}}],"collection":[{"href":"https:\/\/blogdodanielgalvao.com.br\/site\/wp-json\/wp\/v2\/posts"}],"about":[{"href":"https:\/\/blogdodanielgalvao.com.br\/site\/wp-json\/wp\/v2\/types\/post"}],"author":[{"embeddable":true,"href":"https:\/\/blogdodanielgalvao.com.br\/site\/wp-json\/wp\/v2\/users\/2"}],"replies":[{"embeddable":true,"href":"https:\/\/blogdodanielgalvao.com.br\/site\/wp-json\/wp\/v2\/comments?post=18438"}],"version-history":[{"count":1,"href":"https:\/\/blogdodanielgalvao.com.br\/site\/wp-json\/wp\/v2\/posts\/18438\/revisions"}],"predecessor-version":[{"id":18440,"href":"https:\/\/blogdodanielgalvao.com.br\/site\/wp-json\/wp\/v2\/posts\/18438\/revisions\/18440"}],"wp:featuredmedia":[{"embeddable":true,"href":"https:\/\/blogdodanielgalvao.com.br\/site\/wp-json\/wp\/v2\/media\/18439"}],"wp:attachment":[{"href":"https:\/\/blogdodanielgalvao.com.br\/site\/wp-json\/wp\/v2\/media?parent=18438"}],"wp:term":[{"taxonomy":"category","embeddable":true,"href":"https:\/\/blogdodanielgalvao.com.br\/site\/wp-json\/wp\/v2\/categories?post=18438"},{"taxonomy":"post_tag","embeddable":true,"href":"https:\/\/blogdodanielgalvao.com.br\/site\/wp-json\/wp\/v2\/tags?post=18438"}],"curies":[{"name":"wp","href":"https:\/\/api.w.org\/{rel}","templated":true}]}}