{"id":18435,"date":"2025-05-21T14:26:30","date_gmt":"2025-05-21T17:26:30","guid":{"rendered":"https:\/\/blogdodanielgalvao.com.br\/site\/?p=18435"},"modified":"2025-05-21T14:26:30","modified_gmt":"2025-05-21T17:26:30","slug":"guarda-civil-de-cabo-frio-avanca-em-qualificacao-com-treinamento-em-armamentos-de-menor-letalidade","status":"publish","type":"post","link":"https:\/\/blogdodanielgalvao.com.br\/site\/guarda-civil-de-cabo-frio-avanca-em-qualificacao-com-treinamento-em-armamentos-de-menor-letalidade\/","title":{"rendered":"Guarda Civil de Cabo Frio avan\u00e7a em qualifica\u00e7\u00e3o com treinamento em armamentos de menor letalidade"},"content":{"rendered":"<p>A Guarda Civil Municipal de Cabo Frio segue investindo na capacita\u00e7\u00e3o de seus agentes e na moderniza\u00e7\u00e3o de seus recursos. Nesta ter\u00e7a-feira (20), membros da corpora\u00e7\u00e3o participaram de uma demonstra\u00e7\u00e3o t\u00e9cnica conduzida por uma empresa especializada em tecnologias de armamentos de menor letalidade. A iniciativa teve como principal objetivo ampliar o dom\u00ednio t\u00e9cnico dos profissionais no uso de equipamentos voltados ao controle progressivo da for\u00e7a.<\/p>\n<p>O treinamento teve in\u00edcio com uma sess\u00e3o te\u00f3rica na sede da corpora\u00e7\u00e3o, onde foram apresentados diversos modelos de armamentos n\u00e3o letais, como os lan\u00e7adores Byrna SD, Byrna SD XL e Banshee, al\u00e9m de acess\u00f3rios e muni\u00e7\u00f5es espec\u00edficas para cada tipo de situa\u00e7\u00e3o. Os agentes puderam compreender os diferenciais de cada equipamento, como maior alcance, capacidade de m\u00faltiplos disparos e precis\u00e3o aprimorada \u2014 caracter\u00edsticas que potencializam a efici\u00eancia operacional e reduzem os riscos de confrontos f\u00edsicos.<\/p>\n<p>Durante a apresenta\u00e7\u00e3o, foram discutidos casos reais de utiliza\u00e7\u00e3o desses armamentos por for\u00e7as de seguran\u00e7a em outras regi\u00f5es, com foco em boas pr\u00e1ticas, protocolos e responsabilidade no uso da for\u00e7a. A troca de experi\u00eancias refor\u00e7ou a import\u00e2ncia do preparo t\u00e9cnico e do uso \u00e9tico desses recursos no contexto da seguran\u00e7a p\u00fablica.<\/p>\n<p>Na etapa pr\u00e1tica, realizada em um estande de tiro em S\u00e3o Jacinto, os guardas tiveram a oportunidade de testar os armamentos sob orienta\u00e7\u00e3o de instrutores especializados. O treinamento refor\u00e7ou os conhecimentos adquiridos e permitiu que os agentes manuseassem os equipamentos com seguran\u00e7a e confian\u00e7a.<\/p>\n<p>O comandante da Guarda Civil, \u00c2ngelo Amaral, destacou o avan\u00e7o que o uso desses dispositivos representa para a atua\u00e7\u00e3o da tropa:<\/p>\n<p>\u201cEstamos cada vez mais comprometidos com a moderniza\u00e7\u00e3o da Guarda. Equipamentos de menor letalidade s\u00e3o essenciais para garantir a\u00e7\u00f5es mais equilibradas, protegendo tanto os nossos agentes quanto a popula\u00e7\u00e3o. Essa capacita\u00e7\u00e3o refor\u00e7a nosso compromisso com uma atua\u00e7\u00e3o eficiente e respons\u00e1vel.\u201d<\/p>\n<p>O secret\u00e1rio de Seguran\u00e7a e Ordem P\u00fablica, coronel Leandro Carvalho, tamb\u00e9m ressaltou a import\u00e2ncia estrat\u00e9gica do investimento:<\/p>\n<p>\u201cEstamos acompanhando uma tend\u00eancia global de uso de tecnologias n\u00e3o letais, que v\u00eam sendo adotadas por for\u00e7as de seguran\u00e7a em todo o mundo. Esses recursos oferecem respostas eficazes em situa\u00e7\u00f5es cr\u00edticas, preservando vidas e reduzindo danos. Integrar essa tecnologia \u00e0 Guarda de Cabo Frio \u00e9 dar um passo importante rumo a uma seguran\u00e7a p\u00fablica mais moderna e humanizada.\u201d<\/p>\n<p>A partir da experi\u00eancia, a corpora\u00e7\u00e3o agora estuda a ado\u00e7\u00e3o dos equipamentos testados, com o objetivo de fortalecer ainda mais a atua\u00e7\u00e3o da Guarda Municipal e garantir uma resposta mais t\u00e9cnica, segura e proporcional nas a\u00e7\u00f5es\u00a0do\u00a0dia\u00a0a\u00a0dia.<\/p>\n","protected":false},"excerpt":{"rendered":"<p>A Guarda Civil Municipal de Cabo Frio segue investindo na capacita\u00e7\u00e3o de seus agentes e na moderniza\u00e7\u00e3o de seus recursos. Nesta ter\u00e7a-feira (20), membros da corpora\u00e7\u00e3o participaram de uma demonstra\u00e7\u00e3o t\u00e9cnica conduzida por uma empresa especializada em tecnologias de armamentos de menor letalidade. A iniciativa teve como principal objetivo ampliar o dom\u00ednio t\u00e9cnico dos profissionais [&hellip;]<\/p>\n","protected":false},"author":2,"featured_media":18436,"comment_status":"open","ping_status":"open","sticky":true,"template":"","format":"standard","meta":{"footnotes":""},"categories":[340],"tags":[1896],"class_list":["post-18435","post","type-post","status-publish","format-standard","has-post-thumbnail","hentry","category-cabo-frio","tag-destaque"],"_links":{"self":[{"href":"https:\/\/blogdodanielgalvao.com.br\/site\/wp-json\/wp\/v2\/posts\/18435","targetHints":{"allow":["GET"]}}],"collection":[{"href":"https:\/\/blogdodanielgalvao.com.br\/site\/wp-json\/wp\/v2\/posts"}],"about":[{"href":"https:\/\/blogdodanielgalvao.com.br\/site\/wp-json\/wp\/v2\/types\/post"}],"author":[{"embeddable":true,"href":"https:\/\/blogdodanielgalvao.com.br\/site\/wp-json\/wp\/v2\/users\/2"}],"replies":[{"embeddable":true,"href":"https:\/\/blogdodanielgalvao.com.br\/site\/wp-json\/wp\/v2\/comments?post=18435"}],"version-history":[{"count":1,"href":"https:\/\/blogdodanielgalvao.com.br\/site\/wp-json\/wp\/v2\/posts\/18435\/revisions"}],"predecessor-version":[{"id":18437,"href":"https:\/\/blogdodanielgalvao.com.br\/site\/wp-json\/wp\/v2\/posts\/18435\/revisions\/18437"}],"wp:featuredmedia":[{"embeddable":true,"href":"https:\/\/blogdodanielgalvao.com.br\/site\/wp-json\/wp\/v2\/media\/18436"}],"wp:attachment":[{"href":"https:\/\/blogdodanielgalvao.com.br\/site\/wp-json\/wp\/v2\/media?parent=18435"}],"wp:term":[{"taxonomy":"category","embeddable":true,"href":"https:\/\/blogdodanielgalvao.com.br\/site\/wp-json\/wp\/v2\/categories?post=18435"},{"taxonomy":"post_tag","embeddable":true,"href":"https:\/\/blogdodanielgalvao.com.br\/site\/wp-json\/wp\/v2\/tags?post=18435"}],"curies":[{"name":"wp","href":"https:\/\/api.w.org\/{rel}","templated":true}]}}