{"id":18432,"date":"2025-05-21T14:17:13","date_gmt":"2025-05-21T17:17:13","guid":{"rendered":"https:\/\/blogdodanielgalvao.com.br\/site\/?p=18432"},"modified":"2025-05-21T14:17:13","modified_gmt":"2025-05-21T17:17:13","slug":"projeto-leva-estudantes-de-cabo-frio-a-explorar-o-papel-do-cidadao-no-judiciario","status":"publish","type":"post","link":"https:\/\/blogdodanielgalvao.com.br\/site\/projeto-leva-estudantes-de-cabo-frio-a-explorar-o-papel-do-cidadao-no-judiciario\/","title":{"rendered":"Projeto leva estudantes de Cabo Frio a explorar o papel do cidad\u00e3o no Judici\u00e1rio"},"content":{"rendered":"<p>A 1\u00aa Vara Federal de S\u00e3o Pedro da Aldeia promoveu mais uma edi\u00e7\u00e3o do projeto \u201cEspelho para o Futuro\u201d, desta vez com a participa\u00e7\u00e3o ativa de estudantes da Escola Municipal Professora Wanda Roque, de Cabo Frio. A iniciativa, realizada na sede da Vara, \u00e9 conduzida pela ju\u00edza federal Dra. M\u00f4nica L\u00facia Botelho e integra uma s\u00e9rie de a\u00e7\u00f5es do Judici\u00e1rio voltadas \u00e0 educa\u00e7\u00e3o cidad\u00e3 e ao fortalecimento do v\u00ednculo entre sociedade e Justi\u00e7a.<\/p>\n<p>Durante o evento, os alunos participaram de visitas orientadas, rodas de conversa e palestras com profissionais de diversas \u00e1reas do sistema de justi\u00e7a, incluindo magistrados, membros do Minist\u00e9rio P\u00fablico, defensores e agentes da seguran\u00e7a p\u00fablica. A proposta \u00e9 despertar nos jovens o senso cr\u00edtico sobre seu papel social, incentivar decis\u00f5es acad\u00eamicas mais conscientes e promover o entendimento sobre o funcionamento das institui\u00e7\u00f5es p\u00fablicas.<\/p>\n<p>A experi\u00eancia permitiu aos estudantes mergulhar na rotina do Judici\u00e1rio, ouvir relatos inspiradores de profissionais da \u00e1rea e debater temas fundamentais como \u00e9tica, legalidade, direitos, deveres e justi\u00e7a social.<\/p>\n<p>O secret\u00e1rio municipal de Educa\u00e7\u00e3o de Cabo Frio, Alfredo Gon\u00e7alves, esteve presente na atividade e ressaltou o impacto da a\u00e7\u00e3o.<\/p>\n<p>\u201c\u00c9 extremamente gratificante ver nossos estudantes vivendo experi\u00eancias que extrapolam os limites da sala de aula. O \u2018Espelho para o Futuro\u2019 n\u00e3o apenas informa, mas tamb\u00e9m inspira e transforma. \u00c9 esse tipo de educa\u00e7\u00e3o que buscamos: aquela que prepara os jovens para o mundo com consci\u00eancia cr\u00edtica e responsabilidade cidad\u00e3\u201d, afirmou\u00a0o\u00a0secret\u00e1rio.<\/p>\n","protected":false},"excerpt":{"rendered":"<p>A 1\u00aa Vara Federal de S\u00e3o Pedro da Aldeia promoveu mais uma edi\u00e7\u00e3o do projeto \u201cEspelho para o Futuro\u201d, desta vez com a participa\u00e7\u00e3o ativa de estudantes da Escola Municipal Professora Wanda Roque, de Cabo Frio. A iniciativa, realizada na sede da Vara, \u00e9 conduzida pela ju\u00edza federal Dra. M\u00f4nica L\u00facia Botelho e integra uma [&hellip;]<\/p>\n","protected":false},"author":2,"featured_media":18433,"comment_status":"open","ping_status":"open","sticky":true,"template":"","format":"standard","meta":{"footnotes":""},"categories":[340],"tags":[1896],"class_list":["post-18432","post","type-post","status-publish","format-standard","has-post-thumbnail","hentry","category-cabo-frio","tag-destaque"],"_links":{"self":[{"href":"https:\/\/blogdodanielgalvao.com.br\/site\/wp-json\/wp\/v2\/posts\/18432","targetHints":{"allow":["GET"]}}],"collection":[{"href":"https:\/\/blogdodanielgalvao.com.br\/site\/wp-json\/wp\/v2\/posts"}],"about":[{"href":"https:\/\/blogdodanielgalvao.com.br\/site\/wp-json\/wp\/v2\/types\/post"}],"author":[{"embeddable":true,"href":"https:\/\/blogdodanielgalvao.com.br\/site\/wp-json\/wp\/v2\/users\/2"}],"replies":[{"embeddable":true,"href":"https:\/\/blogdodanielgalvao.com.br\/site\/wp-json\/wp\/v2\/comments?post=18432"}],"version-history":[{"count":1,"href":"https:\/\/blogdodanielgalvao.com.br\/site\/wp-json\/wp\/v2\/posts\/18432\/revisions"}],"predecessor-version":[{"id":18434,"href":"https:\/\/blogdodanielgalvao.com.br\/site\/wp-json\/wp\/v2\/posts\/18432\/revisions\/18434"}],"wp:featuredmedia":[{"embeddable":true,"href":"https:\/\/blogdodanielgalvao.com.br\/site\/wp-json\/wp\/v2\/media\/18433"}],"wp:attachment":[{"href":"https:\/\/blogdodanielgalvao.com.br\/site\/wp-json\/wp\/v2\/media?parent=18432"}],"wp:term":[{"taxonomy":"category","embeddable":true,"href":"https:\/\/blogdodanielgalvao.com.br\/site\/wp-json\/wp\/v2\/categories?post=18432"},{"taxonomy":"post_tag","embeddable":true,"href":"https:\/\/blogdodanielgalvao.com.br\/site\/wp-json\/wp\/v2\/tags?post=18432"}],"curies":[{"name":"wp","href":"https:\/\/api.w.org\/{rel}","templated":true}]}}