{"id":18397,"date":"2025-05-20T17:40:17","date_gmt":"2025-05-20T20:40:17","guid":{"rendered":"https:\/\/blogdodanielgalvao.com.br\/site\/?p=18397"},"modified":"2025-05-20T17:40:17","modified_gmt":"2025-05-20T20:40:17","slug":"atendimento-precario-na-serra-volta-a-ser-alvo-de-cobrancas-na-camara-municipal-de-macae","status":"publish","type":"post","link":"https:\/\/blogdodanielgalvao.com.br\/site\/atendimento-precario-na-serra-volta-a-ser-alvo-de-cobrancas-na-camara-municipal-de-macae\/","title":{"rendered":"Atendimento prec\u00e1rio na Serra volta a ser alvo de cobran\u00e7as na C\u00e2mara Municipal de Maca\u00e9"},"content":{"rendered":"<p>Os servi\u00e7os de telecomunica\u00e7\u00f5es e entregas na Regi\u00e3o Serrana voltaram a ser pauta de discuss\u00e3o durante a sess\u00e3o desta ter\u00e7a-feira (20), na C\u00e2mara Municipal de Maca\u00e9. A iniciativa partiu de um requerimento do vereador Tico Jardim (Cidadania), que retomou a antiga demanda por melhorias no atendimento \u00e0 popula\u00e7\u00e3o local. Ele cobrou provid\u00eancias para a retomada das atividades dos Correios na localidade da Bicuda e solicitou um prazo para que o servi\u00e7o seja reativado.<\/p>\n<p>Al\u00e9m dessa quest\u00e3o, o vereador refor\u00e7ou outra reivindica\u00e7\u00e3o recorrente dos moradores da regi\u00e3o: a instala\u00e7\u00e3o de uma torre de telefonia m\u00f3vel na comunidade do Trapiche, medida considerada essencial para garantir conectividade e melhorar a comunica\u00e7\u00e3o na \u00e1rea.<\/p>\n<p>\u201c\u00c9 inaceit\u00e1vel que um lugar que tem uma unidade de sa\u00fade desse porte, que atende toda a serra macaense, n\u00e3o disponha de rede de comunica\u00e7\u00e3o m\u00f3vel\u201d \u2013 disse Tico se referindo ao Hospital de Trapiche.<\/p>\n<p>A Bicuda tamb\u00e9m \u00e9 atingida com o problema, j\u00e1 que cerca de 8 mil pessoas vivem nos dois distritos. O parlamentar se queixou do servi\u00e7o prestado pela TIM, que n\u00e3o resolve a situa\u00e7\u00e3o. Ele pediu ajuda aos demais vereadores para colocar fim ao problema da falta de comunica\u00e7\u00e3o na regi\u00e3o. \u201cEssa neglig\u00eancia n\u00e3o pode continuar. Uma boa comunica\u00e7\u00e3o via internet e celular \u00e9 o principal anseio dos que vivem l\u00e1 hoje\u201d.<\/p>\n<p>Apesar dos diversos pedidos e cobran\u00e7as a diferentes autoridades ao longo dos \u00faltimos anos, o vereador relata que a demanda pela instala\u00e7\u00e3o de uma torre de telefonia m\u00f3vel no Trapiche segue sem atendimento. \u201cVou continuar cobrando. Se precisar, vamos \u00e0 Bras\u00edlia novamente. Queremos uma previs\u00e3o\u201d, declarou.<\/p>\n<p>Tico aproveitou a oportunidade tamb\u00e9m para levantar outra luta antiga que \u00e9 a reforma da esta\u00e7\u00e3o ferrovi\u00e1ria de Glic\u00e9rio. Trata-se de outra reivindica\u00e7\u00e3o dos moradores, que promete n\u00e3o apenas resgatar a hist\u00f3ria local, mas tamb\u00e9m promover a cultura e impulsionar o turismo. \u201cAntes havia o entrave do Iphan (Instituto do Patrim\u00f4nio Hist\u00f3rico e Art\u00edstico Nacional), mas desde que o \u00f3rg\u00e3o passou para o munic\u00edpio a administra\u00e7\u00e3o do espa\u00e7o, a obra n\u00e3o avan\u00e7ou. Queremos entender o motivo\u201d.<\/p>\n","protected":false},"excerpt":{"rendered":"<p>Os servi\u00e7os de telecomunica\u00e7\u00f5es e entregas na Regi\u00e3o Serrana voltaram a ser pauta de discuss\u00e3o durante a sess\u00e3o desta ter\u00e7a-feira (20), na C\u00e2mara Municipal de Maca\u00e9. A iniciativa partiu de um requerimento do vereador Tico Jardim (Cidadania), que retomou a antiga demanda por melhorias no atendimento \u00e0 popula\u00e7\u00e3o local. Ele cobrou provid\u00eancias para a retomada [&hellip;]<\/p>\n","protected":false},"author":2,"featured_media":18398,"comment_status":"open","ping_status":"open","sticky":true,"template":"","format":"standard","meta":{"footnotes":""},"categories":[2],"tags":[1896],"class_list":["post-18397","post","type-post","status-publish","format-standard","has-post-thumbnail","hentry","category-macae","tag-destaque"],"_links":{"self":[{"href":"https:\/\/blogdodanielgalvao.com.br\/site\/wp-json\/wp\/v2\/posts\/18397","targetHints":{"allow":["GET"]}}],"collection":[{"href":"https:\/\/blogdodanielgalvao.com.br\/site\/wp-json\/wp\/v2\/posts"}],"about":[{"href":"https:\/\/blogdodanielgalvao.com.br\/site\/wp-json\/wp\/v2\/types\/post"}],"author":[{"embeddable":true,"href":"https:\/\/blogdodanielgalvao.com.br\/site\/wp-json\/wp\/v2\/users\/2"}],"replies":[{"embeddable":true,"href":"https:\/\/blogdodanielgalvao.com.br\/site\/wp-json\/wp\/v2\/comments?post=18397"}],"version-history":[{"count":1,"href":"https:\/\/blogdodanielgalvao.com.br\/site\/wp-json\/wp\/v2\/posts\/18397\/revisions"}],"predecessor-version":[{"id":18399,"href":"https:\/\/blogdodanielgalvao.com.br\/site\/wp-json\/wp\/v2\/posts\/18397\/revisions\/18399"}],"wp:featuredmedia":[{"embeddable":true,"href":"https:\/\/blogdodanielgalvao.com.br\/site\/wp-json\/wp\/v2\/media\/18398"}],"wp:attachment":[{"href":"https:\/\/blogdodanielgalvao.com.br\/site\/wp-json\/wp\/v2\/media?parent=18397"}],"wp:term":[{"taxonomy":"category","embeddable":true,"href":"https:\/\/blogdodanielgalvao.com.br\/site\/wp-json\/wp\/v2\/categories?post=18397"},{"taxonomy":"post_tag","embeddable":true,"href":"https:\/\/blogdodanielgalvao.com.br\/site\/wp-json\/wp\/v2\/tags?post=18397"}],"curies":[{"name":"wp","href":"https:\/\/api.w.org\/{rel}","templated":true}]}}