{"id":18361,"date":"2025-05-20T15:14:47","date_gmt":"2025-05-20T18:14:47","guid":{"rendered":"https:\/\/blogdodanielgalvao.com.br\/site\/?p=18361"},"modified":"2025-05-20T15:14:47","modified_gmt":"2025-05-20T18:14:47","slug":"consorcio-dos-municipios-da-regiao-dos-lagos-e-tema-de-encontro-de-gestores-em-rio-das-ostras","status":"publish","type":"post","link":"https:\/\/blogdodanielgalvao.com.br\/site\/consorcio-dos-municipios-da-regiao-dos-lagos-e-tema-de-encontro-de-gestores-em-rio-das-ostras\/","title":{"rendered":"Cons\u00f3rcio dos munic\u00edpios da Regi\u00e3o dos Lagos \u00e9 tema de encontro de gestores em Rio das Ostras"},"content":{"rendered":"<p>O prefeito de Rio das Ostras, Carlos Augusto (PL), recebeu, nessa segunda-feira, 19, o ex-prefeito de Iguaba Grande, Vantoil Martins (CIDADANIA), para uma reuni\u00e3o sobre a implanta\u00e7\u00e3o do Cons\u00f3rcio Intermunicipal Multifinalit\u00e1rio.<\/p>\n<p>Baseada na experi\u00eancia do Cons\u00f3rcio P\u00fablico Intermunicipal de Desenvolvimento do Norte e Noroeste Fluminense (Cidennf), a proposta do cons\u00f3rcio das cidades da Regi\u00e3o dos Lagos vem sendo liderada pelo prefeito de Arraial do Cabo, Marcelo Magno (PL), e ser\u00e1 voltada especialmente para o turismo.<\/p>\n<p>Durante o encontro dessa segunda-feira, o prefeito Carlos Augusto falou sobre a import\u00e2ncia da proposta, e sobre os desafios e oportunidades que os munic\u00edpios da regi\u00e3o t\u00eam em comum para seguir avan\u00e7ando.<\/p>\n<p>\u201cFoi uma troca rica de ideias, experi\u00eancias e, acima de tudo, de compromisso com a nossa regi\u00e3o. Conversamos sobre os desafios e oportunidades que temos em comum e alinhamos pautas importantes como o Cons\u00f3rcio Multifinalit\u00e1rio, que promete transformar ainda mais nossas cidades. Essa uni\u00e3o entre os munic\u00edpios \u00e9 o que vai fortalecer nosso desenvolvimento regional\u201d, afirmou Carlos Augusto.<\/p>\n<p>Para o ex-prefeito de Iguaba Grande, que vem visitando as cidades da regi\u00e3o, apresentando a proposta do cons\u00f3rcio, a reuni\u00e3o foi produtiva, e trar\u00e1 muitas novidades para Rio das Ostras e para as demais cidades da Regi\u00e3o dos Lagos.<\/p>\n<p>\u201cEst\u00e1vamos conversando sobre a cidade, sobre a regi\u00e3o, sobre o Estado. Inclusive, uma das pautas principais \u00e9 o Cons\u00f3rcio Multifinalit\u00e1rio, que estamos trabalhando para implantarmos, e com certeza, novidades para ajudar ainda mais a nossa regi\u00e3o\u201d, contou Vantoil Martins, que ressaltou a experi\u00eancia do gestor riostrense, com passagens pela C\u00e2mara Municipal e pela Assembleia Legislativa do Estado do Rio (Alerj).<\/p>\n<p>Antes de Rio das Ostras, a proposta j\u00e1 havia sido debatida em outros encontros com gestores municipais, com o prefeito de Cabo Frio, Dr. Serginho (PL), e com o a prefeita de Araruama, Daniela Soares (PL), al\u00e9m do sucesso de Vantoil Martins, o prefeito de Iguaba Grande, Fabinho (CIDADANIA).<\/p>\n","protected":false},"excerpt":{"rendered":"<p>O prefeito de Rio das Ostras, Carlos Augusto (PL), recebeu, nessa segunda-feira, 19, o ex-prefeito de Iguaba Grande, Vantoil Martins (CIDADANIA), para uma reuni\u00e3o sobre a implanta\u00e7\u00e3o do Cons\u00f3rcio Intermunicipal Multifinalit\u00e1rio. Baseada na experi\u00eancia do Cons\u00f3rcio P\u00fablico Intermunicipal de Desenvolvimento do Norte e Noroeste Fluminense (Cidennf), a proposta do cons\u00f3rcio das cidades da Regi\u00e3o dos [&hellip;]<\/p>\n","protected":false},"author":2,"featured_media":18362,"comment_status":"open","ping_status":"open","sticky":true,"template":"","format":"standard","meta":{"footnotes":""},"categories":[4],"tags":[1896],"class_list":["post-18361","post","type-post","status-publish","format-standard","has-post-thumbnail","hentry","category-rio-das-ostras","tag-destaque"],"_links":{"self":[{"href":"https:\/\/blogdodanielgalvao.com.br\/site\/wp-json\/wp\/v2\/posts\/18361","targetHints":{"allow":["GET"]}}],"collection":[{"href":"https:\/\/blogdodanielgalvao.com.br\/site\/wp-json\/wp\/v2\/posts"}],"about":[{"href":"https:\/\/blogdodanielgalvao.com.br\/site\/wp-json\/wp\/v2\/types\/post"}],"author":[{"embeddable":true,"href":"https:\/\/blogdodanielgalvao.com.br\/site\/wp-json\/wp\/v2\/users\/2"}],"replies":[{"embeddable":true,"href":"https:\/\/blogdodanielgalvao.com.br\/site\/wp-json\/wp\/v2\/comments?post=18361"}],"version-history":[{"count":1,"href":"https:\/\/blogdodanielgalvao.com.br\/site\/wp-json\/wp\/v2\/posts\/18361\/revisions"}],"predecessor-version":[{"id":18363,"href":"https:\/\/blogdodanielgalvao.com.br\/site\/wp-json\/wp\/v2\/posts\/18361\/revisions\/18363"}],"wp:featuredmedia":[{"embeddable":true,"href":"https:\/\/blogdodanielgalvao.com.br\/site\/wp-json\/wp\/v2\/media\/18362"}],"wp:attachment":[{"href":"https:\/\/blogdodanielgalvao.com.br\/site\/wp-json\/wp\/v2\/media?parent=18361"}],"wp:term":[{"taxonomy":"category","embeddable":true,"href":"https:\/\/blogdodanielgalvao.com.br\/site\/wp-json\/wp\/v2\/categories?post=18361"},{"taxonomy":"post_tag","embeddable":true,"href":"https:\/\/blogdodanielgalvao.com.br\/site\/wp-json\/wp\/v2\/tags?post=18361"}],"curies":[{"name":"wp","href":"https:\/\/api.w.org\/{rel}","templated":true}]}}