{"id":18358,"date":"2025-05-20T12:37:51","date_gmt":"2025-05-20T15:37:51","guid":{"rendered":"https:\/\/blogdodanielgalvao.com.br\/site\/?p=18358"},"modified":"2025-05-20T12:37:51","modified_gmt":"2025-05-20T15:37:51","slug":"literaria-2025-une-livros-e-atividades-culturais-e-show-de-seu-jorge-frejat-jorge-vercillo-e-mais-em-araruama","status":"publish","type":"post","link":"https:\/\/blogdodanielgalvao.com.br\/site\/literaria-2025-une-livros-e-atividades-culturais-e-show-de-seu-jorge-frejat-jorge-vercillo-e-mais-em-araruama\/","title":{"rendered":"Liter\u00e1ria 2025 une livros e atividades culturais e show de Seu Jorge, Frejat, Jorge Vercillo e mais em Araruama"},"content":{"rendered":"<p>Entre os dias 23 e 26 de maio de 2025, a cidade de Araruama, na Regi\u00e3o dos Lagos, ser\u00e1 palco de um dos maiores encontros culturais do interior do estado do Rio de Janeiro. A tradicional *Araruama Liter\u00e1ria* volta \u00e0 Pra\u00e7a Menino Jo\u00e3o H\u00e9lio com uma programa\u00e7\u00e3o intensa que mistura literatura, educa\u00e7\u00e3o, arte e shows de grandes nomes da m\u00fasica brasileira \u2014 tudo com entrada totalmente gratuita.<\/p>\n<p>Durante os quatro dias de evento, a pra\u00e7a ser\u00e1 transformada em um espa\u00e7o vibrante, com estandes de livros, \u00e1reas tem\u00e1ticas para crian\u00e7as, palcos para apresenta\u00e7\u00f5es culturais e uma agenda recheada de atividades educativas e atra\u00e7\u00f5es musicais. A programa\u00e7\u00e3o come\u00e7a nas manh\u00e3s com a\u00e7\u00f5es voltadas ao p\u00fablico infantil e se estende at\u00e9 a noite, com os aguardados shows gratuitos.<\/p>\n<p>&nbsp;<\/p>\n<p><strong>Grandes shows ao ar livre v\u00e3o agitar o festival<\/strong><\/p>\n<p>A Araruama Liter\u00e1ria tamb\u00e9m se firma como um evento musical. As apresenta\u00e7\u00f5es noturnas, abertas ao p\u00fablico e com infraestrutura completa de palco e som, contar\u00e3o com artistas de peso:<\/p>\n<p><strong>Sexta-feira, 23\/05<\/strong>: o cantor Seu Jorge abre a programa\u00e7\u00e3o com seu repert\u00f3rio inconfund\u00edvel.<\/p>\n<p><strong>S\u00e1bado, 24\/05<\/strong>: Frejat leva o rock nacional ao palco com sucessos que atravessaram gera\u00e7\u00f5es.<\/p>\n<p><strong>Domingo, 25\/05<\/strong>: Jorge Vercillo encerra os shows com sua voz marcante e can\u00e7\u00f5es que emocionam.<\/p>\n<p>Al\u00e9m deles, artistas locais como Felipe Pitta, Victor Bricio e Juceir Junior tamb\u00e9m sobem ao palco na abertura do festival.<\/p>\n<p>&nbsp;<\/p>\n<p><strong>Feira de livros com lan\u00e7amentos e ofertas especiais<\/strong><\/p>\n<p>Editoras, livrarias, coletivos liter\u00e1rios e autores independentes estar\u00e3o presentes, oferecendo desde obras infantis at\u00e9 t\u00edtulos cl\u00e1ssicos e contempor\u00e2neos. Haver\u00e1 lan\u00e7amentos, sess\u00f5es de aut\u00f3grafos e promo\u00e7\u00f5es exclusivas, criando um ambiente ideal para quem quer ampliar a estante ou iniciar o h\u00e1bito da leitura.<\/p>\n<p>&nbsp;<\/p>\n<p><strong>Dia dedicado \u00e0 Educa\u00e7\u00e3o Infantil \u00e9 uma das novidades<\/strong><\/p>\n<p>A edi\u00e7\u00e3o 2025 ter\u00e1 um dia exclusivo voltado para a Educa\u00e7\u00e3o Infantil. A proposta \u00e9 criar um ambiente de aprendizado e encantamento, com conta\u00e7\u00e3o de hist\u00f3rias, oficinas criativas, espa\u00e7os de leitura interativa e teatrinhos educativos. As atividades ser\u00e3o conduzidas por educadores e artistas da regi\u00e3o, com a presen\u00e7a de escolas, creches e fam\u00edlias convidadas.<\/p>\n<p>A programa\u00e7\u00e3o especial para os pequenos refor\u00e7a o objetivo do festival de estimular o gosto pela leitura desde a inf\u00e2ncia, unindo divers\u00e3o e forma\u00e7\u00e3o cultural.<\/p>\n<p>&nbsp;<\/p>\n<p><strong>Pra\u00e7a Menino Jo\u00e3o H\u00e9lio vira centro da vida cultural da cidade<\/strong><\/p>\n<p>O evento acontece no cora\u00e7\u00e3o de Araruama, em uma das pra\u00e7as mais tradicionais da cidade. A Pra\u00e7a Menino Jo\u00e3o H\u00e9lio ser\u00e1 adaptada com sinaliza\u00e7\u00e3o, \u00e1reas de descanso, pontos de apoio e alimenta\u00e7\u00e3o. De f\u00e1cil acesso, o local garante conforto tanto para moradores quanto para turistas que visitam a cidade durante o festival.<\/p>\n<p>&nbsp;<\/p>\n<p><strong>Acesso gratuito e aberto ao p\u00fablico<\/strong><\/p>\n<p>Toda a programa\u00e7\u00e3o \u00e9 gratuita e livre para todas as idades. N\u00e3o \u00e9 necess\u00e1rio realizar inscri\u00e7\u00e3o para participar. Para escolas e grupos organizados, a prefeitura oferecer\u00e1 agendamento pr\u00e9vio para visitas guiadas nos dias de atividades educativas.<\/p>\n<p>&nbsp;<\/p>\n<p><strong>Festival movimenta a economia local<\/strong><\/p>\n<p>A Araruama Liter\u00e1ria tem impacto direto na economia e no turismo da cidade. A expectativa \u00e9 atrair visitantes de diferentes regi\u00f5es, impulsionando o com\u00e9rcio, a rede hoteleira, bares e restaurantes. O evento j\u00e1 se consolidou como uma das principais iniciativas culturais da Regi\u00e3o dos Lagos.<\/p>\n<p>&nbsp;<\/p>\n<p><strong>\u00a0Dicas para curtir o evento ao m\u00e1ximo:<\/strong><\/p>\n<ul>\n<li>Chegue cedo para aproveitar os estandes com calma<\/li>\n<li>Use roupas leves e protetor solar durante o dia<\/li>\n<li>Leve sua garrafinha d\u2019\u00e1gua e mantenha-se hidratado<\/li>\n<li>Traga uma cadeira de praia ou canga para assistir aos shows<\/li>\n<li>Leve uma ecobag para carregar os livros comprados<\/li>\n<\/ul>\n<p>&nbsp;<\/p>\n<p>A Araruama Liter\u00e1ria 2025 promete ser mais que um festival \u2014 ser\u00e1 uma celebra\u00e7\u00e3o da cultura em todas\u00a0as\u00a0suas\u00a0formas.<\/p>\n","protected":false},"excerpt":{"rendered":"<p>Entre os dias 23 e 26 de maio de 2025, a cidade de Araruama, na Regi\u00e3o dos Lagos, ser\u00e1 palco de um dos maiores encontros culturais do interior do estado do Rio de Janeiro. A tradicional *Araruama Liter\u00e1ria* volta \u00e0 Pra\u00e7a Menino Jo\u00e3o H\u00e9lio com uma programa\u00e7\u00e3o intensa que mistura literatura, educa\u00e7\u00e3o, arte e shows [&hellip;]<\/p>\n","protected":false},"author":2,"featured_media":18359,"comment_status":"open","ping_status":"open","sticky":true,"template":"","format":"standard","meta":{"footnotes":""},"categories":[208],"tags":[1896],"class_list":["post-18358","post","type-post","status-publish","format-standard","has-post-thumbnail","hentry","category-araruama","tag-destaque"],"_links":{"self":[{"href":"https:\/\/blogdodanielgalvao.com.br\/site\/wp-json\/wp\/v2\/posts\/18358","targetHints":{"allow":["GET"]}}],"collection":[{"href":"https:\/\/blogdodanielgalvao.com.br\/site\/wp-json\/wp\/v2\/posts"}],"about":[{"href":"https:\/\/blogdodanielgalvao.com.br\/site\/wp-json\/wp\/v2\/types\/post"}],"author":[{"embeddable":true,"href":"https:\/\/blogdodanielgalvao.com.br\/site\/wp-json\/wp\/v2\/users\/2"}],"replies":[{"embeddable":true,"href":"https:\/\/blogdodanielgalvao.com.br\/site\/wp-json\/wp\/v2\/comments?post=18358"}],"version-history":[{"count":1,"href":"https:\/\/blogdodanielgalvao.com.br\/site\/wp-json\/wp\/v2\/posts\/18358\/revisions"}],"predecessor-version":[{"id":18360,"href":"https:\/\/blogdodanielgalvao.com.br\/site\/wp-json\/wp\/v2\/posts\/18358\/revisions\/18360"}],"wp:featuredmedia":[{"embeddable":true,"href":"https:\/\/blogdodanielgalvao.com.br\/site\/wp-json\/wp\/v2\/media\/18359"}],"wp:attachment":[{"href":"https:\/\/blogdodanielgalvao.com.br\/site\/wp-json\/wp\/v2\/media?parent=18358"}],"wp:term":[{"taxonomy":"category","embeddable":true,"href":"https:\/\/blogdodanielgalvao.com.br\/site\/wp-json\/wp\/v2\/categories?post=18358"},{"taxonomy":"post_tag","embeddable":true,"href":"https:\/\/blogdodanielgalvao.com.br\/site\/wp-json\/wp\/v2\/tags?post=18358"}],"curies":[{"name":"wp","href":"https:\/\/api.w.org\/{rel}","templated":true}]}}