{"id":18355,"date":"2025-05-20T12:27:11","date_gmt":"2025-05-20T15:27:11","guid":{"rendered":"https:\/\/blogdodanielgalvao.com.br\/site\/?p=18355"},"modified":"2025-05-20T12:27:11","modified_gmt":"2025-05-20T15:27:11","slug":"estado-do-rio-planeja-3-novas-escolas-na-regiao-dos-lagos-com-homenagens-a-personalidades-brasileiras","status":"publish","type":"post","link":"https:\/\/blogdodanielgalvao.com.br\/site\/estado-do-rio-planeja-3-novas-escolas-na-regiao-dos-lagos-com-homenagens-a-personalidades-brasileiras\/","title":{"rendered":"Estado do Rio planeja 3 novas escolas na Regi\u00e3o dos Lagos com homenagens a personalidades brasileiras"},"content":{"rendered":"<p>As cidades de Arma\u00e7\u00e3o dos B\u00fazios, Cabo Frio e Rio das Ostras ganhar\u00e3o novas escolas da rede p\u00fablica estadual, que devem come\u00e7ar a ser constru\u00eddas ainda\u00a0nesse\u00a0ano, e que teriam previs\u00e3o de entrega para 2026.<\/p>\n<p>Elas fazem parte de um pacote de 4 unidades da rede p\u00fablica estadual de ensino que, inclusive, j\u00e1 teriam nomes definidos, homenageando personalidades brasileiras nas \u00e1reas do jornalismo e do esporte, falecidas entre 2022 e 2024.<\/p>\n<p>Al\u00e9m das cidades da Regi\u00e3o dos Lagos, a pr\u00f3pria capital seria a outra cidade beneficiada com uma nova escola estadual. As unidades receber\u00e3o nomes em homenagens \u00e0s jornalistas Gloria Maria e Susana Naspolini, e ao cartunista Ziraldo, al\u00e9m de Pel\u00e9.<\/p>\n<p>As informa\u00e7\u00f5es foram divulgadas na manh\u00e3 dessa ter\u00e7a-feira, 20, pela jornalista Fernanda Pontes, na coluna do Ancelmo G\u00f3is, no site do Jornal O Globo, embora a rela\u00e7\u00e3o entre os homenageados e as cidades ainda n\u00e3o tenha sido divulgada.<\/p>\n<p>Ainda de acordo com a mat\u00e9ria, as novas escolas estaduais oferecer\u00e3o vagas destinadas a alunos do Ensino M\u00e9dio Regular e da Educa\u00e7\u00e3o de Jovens e Adultos (EJA), enquanto as obras ser\u00e3o executadas pela Empresa de Obras P\u00fablicas do Estado\u00a0do\u00a0Rio\u00a0(Emop).<\/p>\n","protected":false},"excerpt":{"rendered":"<p>As cidades de Arma\u00e7\u00e3o dos B\u00fazios, Cabo Frio e Rio das Ostras ganhar\u00e3o novas escolas da rede p\u00fablica estadual, que devem come\u00e7ar a ser constru\u00eddas ainda\u00a0nesse\u00a0ano, e que teriam previs\u00e3o de entrega para 2026. Elas fazem parte de um pacote de 4 unidades da rede p\u00fablica estadual de ensino que, inclusive, j\u00e1 teriam nomes definidos, [&hellip;]<\/p>\n","protected":false},"author":2,"featured_media":18356,"comment_status":"open","ping_status":"open","sticky":true,"template":"","format":"standard","meta":{"footnotes":""},"categories":[2220],"tags":[1896],"class_list":["post-18355","post","type-post","status-publish","format-standard","has-post-thumbnail","hentry","category-regiao-dos-lagos","tag-destaque"],"_links":{"self":[{"href":"https:\/\/blogdodanielgalvao.com.br\/site\/wp-json\/wp\/v2\/posts\/18355","targetHints":{"allow":["GET"]}}],"collection":[{"href":"https:\/\/blogdodanielgalvao.com.br\/site\/wp-json\/wp\/v2\/posts"}],"about":[{"href":"https:\/\/blogdodanielgalvao.com.br\/site\/wp-json\/wp\/v2\/types\/post"}],"author":[{"embeddable":true,"href":"https:\/\/blogdodanielgalvao.com.br\/site\/wp-json\/wp\/v2\/users\/2"}],"replies":[{"embeddable":true,"href":"https:\/\/blogdodanielgalvao.com.br\/site\/wp-json\/wp\/v2\/comments?post=18355"}],"version-history":[{"count":1,"href":"https:\/\/blogdodanielgalvao.com.br\/site\/wp-json\/wp\/v2\/posts\/18355\/revisions"}],"predecessor-version":[{"id":18357,"href":"https:\/\/blogdodanielgalvao.com.br\/site\/wp-json\/wp\/v2\/posts\/18355\/revisions\/18357"}],"wp:featuredmedia":[{"embeddable":true,"href":"https:\/\/blogdodanielgalvao.com.br\/site\/wp-json\/wp\/v2\/media\/18356"}],"wp:attachment":[{"href":"https:\/\/blogdodanielgalvao.com.br\/site\/wp-json\/wp\/v2\/media?parent=18355"}],"wp:term":[{"taxonomy":"category","embeddable":true,"href":"https:\/\/blogdodanielgalvao.com.br\/site\/wp-json\/wp\/v2\/categories?post=18355"},{"taxonomy":"post_tag","embeddable":true,"href":"https:\/\/blogdodanielgalvao.com.br\/site\/wp-json\/wp\/v2\/tags?post=18355"}],"curies":[{"name":"wp","href":"https:\/\/api.w.org\/{rel}","templated":true}]}}