{"id":18346,"date":"2025-05-20T11:37:29","date_gmt":"2025-05-20T14:37:29","guid":{"rendered":"https:\/\/blogdodanielgalvao.com.br\/site\/?p=18346"},"modified":"2025-05-20T11:37:29","modified_gmt":"2025-05-20T14:37:29","slug":"prefeita-de-silva-jardim-participa-de-importante-evento-em-brasilia-nessa-semana","status":"publish","type":"post","link":"https:\/\/blogdodanielgalvao.com.br\/site\/prefeita-de-silva-jardim-participa-de-importante-evento-em-brasilia-nessa-semana\/","title":{"rendered":"Prefeita de Silva Jardim participa de importante evento em Bras\u00edlia nessa semana"},"content":{"rendered":"<p>A prefeita de Silva Jardim, Maira Figueiredo (MDB), viajou para Bras\u00edlia nessa semana, onde representar\u00e1 o munic\u00edpio na XXVI Marcha a Bras\u00edlia em Defesa dos Munic\u00edpios, que acontece at\u00e9\u00a0essa\u00a0quinta-feira, 22.<\/p>\n<p>O evento, realizado pela Confedera\u00e7\u00e3o Nacional dos Munic\u00edpios (CNM) no Centro Internacional de Conven\u00e7\u00f5es do Brasil, na capital federal, tem programa\u00e7\u00e3o extensa durante essa semana, com a sess\u00e3o de abertura realizada na manh\u00e3 dessa ter\u00e7a-feira, 20.<\/p>\n<p>\u201cO evento re\u00fane prefeitos de todo o Brasil. Estamos aqui para discutir melhorias e buscar recursos que possam ajudar no crescimento da nossa cidade\u201d, contou a prefeita Maira Figueiredo, nas\u00a0redes\u00a0sociais.<\/p>\n","protected":false},"excerpt":{"rendered":"<p>A prefeita de Silva Jardim, Maira Figueiredo (MDB), viajou para Bras\u00edlia nessa semana, onde representar\u00e1 o munic\u00edpio na XXVI Marcha a Bras\u00edlia em Defesa dos Munic\u00edpios, que acontece at\u00e9\u00a0essa\u00a0quinta-feira, 22. O evento, realizado pela Confedera\u00e7\u00e3o Nacional dos Munic\u00edpios (CNM) no Centro Internacional de Conven\u00e7\u00f5es do Brasil, na capital federal, tem programa\u00e7\u00e3o extensa durante essa semana, [&hellip;]<\/p>\n","protected":false},"author":2,"featured_media":18347,"comment_status":"open","ping_status":"open","sticky":true,"template":"","format":"standard","meta":{"footnotes":""},"categories":[1890],"tags":[1896],"class_list":["post-18346","post","type-post","status-publish","format-standard","has-post-thumbnail","hentry","category-silva-jardim","tag-destaque"],"_links":{"self":[{"href":"https:\/\/blogdodanielgalvao.com.br\/site\/wp-json\/wp\/v2\/posts\/18346","targetHints":{"allow":["GET"]}}],"collection":[{"href":"https:\/\/blogdodanielgalvao.com.br\/site\/wp-json\/wp\/v2\/posts"}],"about":[{"href":"https:\/\/blogdodanielgalvao.com.br\/site\/wp-json\/wp\/v2\/types\/post"}],"author":[{"embeddable":true,"href":"https:\/\/blogdodanielgalvao.com.br\/site\/wp-json\/wp\/v2\/users\/2"}],"replies":[{"embeddable":true,"href":"https:\/\/blogdodanielgalvao.com.br\/site\/wp-json\/wp\/v2\/comments?post=18346"}],"version-history":[{"count":1,"href":"https:\/\/blogdodanielgalvao.com.br\/site\/wp-json\/wp\/v2\/posts\/18346\/revisions"}],"predecessor-version":[{"id":18348,"href":"https:\/\/blogdodanielgalvao.com.br\/site\/wp-json\/wp\/v2\/posts\/18346\/revisions\/18348"}],"wp:featuredmedia":[{"embeddable":true,"href":"https:\/\/blogdodanielgalvao.com.br\/site\/wp-json\/wp\/v2\/media\/18347"}],"wp:attachment":[{"href":"https:\/\/blogdodanielgalvao.com.br\/site\/wp-json\/wp\/v2\/media?parent=18346"}],"wp:term":[{"taxonomy":"category","embeddable":true,"href":"https:\/\/blogdodanielgalvao.com.br\/site\/wp-json\/wp\/v2\/categories?post=18346"},{"taxonomy":"post_tag","embeddable":true,"href":"https:\/\/blogdodanielgalvao.com.br\/site\/wp-json\/wp\/v2\/tags?post=18346"}],"curies":[{"name":"wp","href":"https:\/\/api.w.org\/{rel}","templated":true}]}}