{"id":18343,"date":"2025-05-20T11:25:18","date_gmt":"2025-05-20T14:25:18","guid":{"rendered":"https:\/\/blogdodanielgalvao.com.br\/site\/?p=18343"},"modified":"2025-05-20T11:25:18","modified_gmt":"2025-05-20T14:25:18","slug":"cabo-frio-firma-cooperacao-com-instituto-benjamin-o-de-maquinas-braile","status":"publish","type":"post","link":"https:\/\/blogdodanielgalvao.com.br\/site\/cabo-frio-firma-cooperacao-com-instituto-benjamin-o-de-maquinas-braile\/","title":{"rendered":"Cabo Frio firma coopera\u00e7\u00e3o com Instituto Benjamin o de m\u00e1quinas braile"},"content":{"rendered":"<p>A Secretaria de Educa\u00e7\u00e3o de Cabo Frio foi contemplada em uma sele\u00e7\u00e3o nacional para ser anfitri\u00e3 do curso \u201cManuten\u00e7\u00e3o b\u00e1sica da m\u00e1quina de escrever braille (Perkins)\u201d, promovido pelo reconhecido Instituto Benjamin Constant (IBC). A forma\u00e7\u00e3o foi realizada na Escola Municipal Alfredo Castro e atraiu profissionais de diferentes munic\u00edpios do estado do Rio de Janeiro, refor\u00e7ando o compromisso da cidade com a educa\u00e7\u00e3o inclusiva.<\/p>\n<p>O curso teve como meta preparar os participantes para identificar e resolver problemas t\u00e9cnicos nas m\u00e1quinas de escrever em braille modelo Perkins, amplamente utilizadas por pessoas com defici\u00eancia visual. O conte\u00fado abrangeu desde a identifica\u00e7\u00e3o de pe\u00e7as e procedimentos de manuten\u00e7\u00e3o preventiva e corretiva, at\u00e9 a desmontagem, higieniza\u00e7\u00e3o e ajustes, al\u00e9m de introdu\u00e7\u00f5es ao sistema braille.<\/p>\n<p>A capacita\u00e7\u00e3o foi conduzida pelo professor Ivan Finamore Araujo, refer\u00eancia do IBC com atua\u00e7\u00e3o internacional na \u00e1rea da defici\u00eancia visual e m\u00faltipla. Ivan \u00e9 tamb\u00e9m ex-participante do Programa de Lideran\u00e7a Educacional da Perkins International, vinculado \u00e0 hist\u00f3rica Perkins School for the Blind, nos Estados Unidos.<\/p>\n<p>Al\u00e9m dos educadores locais, a forma\u00e7\u00e3o contou com profissionais de Arma\u00e7\u00e3o dos B\u00fazios, Arraial do Cabo, Araruama, Rio Bonito e Rio das Ostras. Essa participa\u00e7\u00e3o ampliada foi poss\u00edvel gra\u00e7as a uma articula\u00e7\u00e3o da pr\u00f3pria Secretaria de Educa\u00e7\u00e3o de Cabo Frio, que estendeu o convite a outras redes municipais, fortalecendo a integra\u00e7\u00e3o e o alcance da proposta.<\/p>\n<p>A realiza\u00e7\u00e3o da capacita\u00e7\u00e3o em Cabo Frio representa um avan\u00e7o na qualifica\u00e7\u00e3o de educadores que atuam diretamente com estudantes com defici\u00eancia visual. Ao fomentar o interc\u00e2mbio de saberes e investir em forma\u00e7\u00e3o t\u00e9cnica especializada, a Secretaria reafirma seu compromisso com uma educa\u00e7\u00e3o p\u00fablica mais inclusiva, preparada e sens\u00edvel \u00e0s\u00a0diversidades.<\/p>\n","protected":false},"excerpt":{"rendered":"<p>A Secretaria de Educa\u00e7\u00e3o de Cabo Frio foi contemplada em uma sele\u00e7\u00e3o nacional para ser anfitri\u00e3 do curso \u201cManuten\u00e7\u00e3o b\u00e1sica da m\u00e1quina de escrever braille (Perkins)\u201d, promovido pelo reconhecido Instituto Benjamin Constant (IBC). A forma\u00e7\u00e3o foi realizada na Escola Municipal Alfredo Castro e atraiu profissionais de diferentes munic\u00edpios do estado do Rio de Janeiro, refor\u00e7ando [&hellip;]<\/p>\n","protected":false},"author":2,"featured_media":18344,"comment_status":"open","ping_status":"open","sticky":true,"template":"","format":"standard","meta":{"footnotes":""},"categories":[340],"tags":[1896],"class_list":["post-18343","post","type-post","status-publish","format-standard","has-post-thumbnail","hentry","category-cabo-frio","tag-destaque"],"_links":{"self":[{"href":"https:\/\/blogdodanielgalvao.com.br\/site\/wp-json\/wp\/v2\/posts\/18343","targetHints":{"allow":["GET"]}}],"collection":[{"href":"https:\/\/blogdodanielgalvao.com.br\/site\/wp-json\/wp\/v2\/posts"}],"about":[{"href":"https:\/\/blogdodanielgalvao.com.br\/site\/wp-json\/wp\/v2\/types\/post"}],"author":[{"embeddable":true,"href":"https:\/\/blogdodanielgalvao.com.br\/site\/wp-json\/wp\/v2\/users\/2"}],"replies":[{"embeddable":true,"href":"https:\/\/blogdodanielgalvao.com.br\/site\/wp-json\/wp\/v2\/comments?post=18343"}],"version-history":[{"count":1,"href":"https:\/\/blogdodanielgalvao.com.br\/site\/wp-json\/wp\/v2\/posts\/18343\/revisions"}],"predecessor-version":[{"id":18345,"href":"https:\/\/blogdodanielgalvao.com.br\/site\/wp-json\/wp\/v2\/posts\/18343\/revisions\/18345"}],"wp:featuredmedia":[{"embeddable":true,"href":"https:\/\/blogdodanielgalvao.com.br\/site\/wp-json\/wp\/v2\/media\/18344"}],"wp:attachment":[{"href":"https:\/\/blogdodanielgalvao.com.br\/site\/wp-json\/wp\/v2\/media?parent=18343"}],"wp:term":[{"taxonomy":"category","embeddable":true,"href":"https:\/\/blogdodanielgalvao.com.br\/site\/wp-json\/wp\/v2\/categories?post=18343"},{"taxonomy":"post_tag","embeddable":true,"href":"https:\/\/blogdodanielgalvao.com.br\/site\/wp-json\/wp\/v2\/tags?post=18343"}],"curies":[{"name":"wp","href":"https:\/\/api.w.org\/{rel}","templated":true}]}}