{"id":18336,"date":"2025-05-20T11:09:40","date_gmt":"2025-05-20T14:09:40","guid":{"rendered":"https:\/\/blogdodanielgalvao.com.br\/site\/?p=18336"},"modified":"2025-05-20T11:09:40","modified_gmt":"2025-05-20T14:09:40","slug":"macae-recebe-atendimento-do-facilita-imposto-de-renda-nesta-quarta","status":"publish","type":"post","link":"https:\/\/blogdodanielgalvao.com.br\/site\/macae-recebe-atendimento-do-facilita-imposto-de-renda-nesta-quarta\/","title":{"rendered":"Maca\u00e9 recebe atendimento do Facilita Imposto de Renda nesta quarta"},"content":{"rendered":"<p>O Cal\u00e7ad\u00e3o da Avenida Rui Barbosa em Maca\u00e9 vai receber nesta quarta-feira (21) o Facilita Imposto de Renda. A a\u00e7\u00e3o ter\u00e1 como objetivo principal auxiliar os cidad\u00e3os na declara\u00e7\u00e3o do imposto de renda. O encontro ser\u00e1 realizado das 9h \u00e0s 16h e est\u00e1 sendo realizado pela Associa\u00e7\u00e3o de Contabilistas de Maca\u00e9 (AMACON) com apoio da Prefeitura.<\/p>\n<p>A tenda ser\u00e1 montada em frente ao banco Bradesco. O secret\u00e1rio de Desenvolvimento Econ\u00f4mico, Rodrigo Viana, falou sobre a iniciativa.<\/p>\n<p>\u201cEntendemos que ser\u00e1 uma oportunidade que a popula\u00e7\u00e3o ter\u00e1 para tirar suas d\u00favidas, nesse momento importante que \u00e9 a Declara\u00e7\u00e3o do Imposto de Renda. Estamos muito satisfeitos com a parceria com a AMACON, que vem acontecendo desde a \u00faltima edi\u00e7\u00e3o Maca\u00e9 Empreendedora com a realiza\u00e7\u00e3o do Codin Incentiva\u201d, ressaltou.<\/p>\n<p>J\u00e1 a presidente da Amacon, L\u00facia Melo Messias, explicou um pouco mais sobre o projeto e contou que ele foi criado pelo Conselho Regional de Contabilidade do Rio de Janeiro (CRCRJ). \u201cA a\u00e7\u00e3o visa esclarecer aos cidad\u00e3os sobre procedimentos e cuidados necess\u00e1rios na hora de prestar contas ao Fisco. Ele percorre v\u00e1rias cidades do estado do Rio de Janeiro\u201d, explicou.<\/p>\n<p>O Facilita Imposto de Renda tomou uma grande propor\u00e7\u00e3o em Maca\u00e9 com o apoio da Prefeitura. Isso tamb\u00e9m gra\u00e7as a um acordo de coopera\u00e7\u00e3o t\u00e9cnica com o conselho de contabilidade do Rio de Janeiro em 2023.<\/p>\n<p>\u201cEstaremos com uma tenda e mesas gentilmente cedidas pela Prefeitura, onde podem os que l\u00e1 forem identificar o Facilita Imposto de Renda e serem atendidos por profissionais habilitados, contadores como todo conhecimento t\u00e9cnico necess\u00e1rio\u201d, explicou.<\/p>\n<p>Podem procurar o servi\u00e7o cidad\u00e3os macaenses que tem d\u00favida ou ainda precisam de instru\u00e7\u00e3o em onde, como, qual o prazo, se \u00e9 obrigado ou n\u00e3o a fazer a Declara\u00e7\u00e3o Ajuste Anual do Imposto de Renda.<\/p>\n","protected":false},"excerpt":{"rendered":"<p>O Cal\u00e7ad\u00e3o da Avenida Rui Barbosa em Maca\u00e9 vai receber nesta quarta-feira (21) o Facilita Imposto de Renda. A a\u00e7\u00e3o ter\u00e1 como objetivo principal auxiliar os cidad\u00e3os na declara\u00e7\u00e3o do imposto de renda. O encontro ser\u00e1 realizado das 9h \u00e0s 16h e est\u00e1 sendo realizado pela Associa\u00e7\u00e3o de Contabilistas de Maca\u00e9 (AMACON) com apoio da [&hellip;]<\/p>\n","protected":false},"author":2,"featured_media":18337,"comment_status":"open","ping_status":"open","sticky":true,"template":"","format":"standard","meta":{"footnotes":""},"categories":[2],"tags":[1896],"class_list":["post-18336","post","type-post","status-publish","format-standard","has-post-thumbnail","hentry","category-macae","tag-destaque"],"_links":{"self":[{"href":"https:\/\/blogdodanielgalvao.com.br\/site\/wp-json\/wp\/v2\/posts\/18336","targetHints":{"allow":["GET"]}}],"collection":[{"href":"https:\/\/blogdodanielgalvao.com.br\/site\/wp-json\/wp\/v2\/posts"}],"about":[{"href":"https:\/\/blogdodanielgalvao.com.br\/site\/wp-json\/wp\/v2\/types\/post"}],"author":[{"embeddable":true,"href":"https:\/\/blogdodanielgalvao.com.br\/site\/wp-json\/wp\/v2\/users\/2"}],"replies":[{"embeddable":true,"href":"https:\/\/blogdodanielgalvao.com.br\/site\/wp-json\/wp\/v2\/comments?post=18336"}],"version-history":[{"count":1,"href":"https:\/\/blogdodanielgalvao.com.br\/site\/wp-json\/wp\/v2\/posts\/18336\/revisions"}],"predecessor-version":[{"id":18338,"href":"https:\/\/blogdodanielgalvao.com.br\/site\/wp-json\/wp\/v2\/posts\/18336\/revisions\/18338"}],"wp:featuredmedia":[{"embeddable":true,"href":"https:\/\/blogdodanielgalvao.com.br\/site\/wp-json\/wp\/v2\/media\/18337"}],"wp:attachment":[{"href":"https:\/\/blogdodanielgalvao.com.br\/site\/wp-json\/wp\/v2\/media?parent=18336"}],"wp:term":[{"taxonomy":"category","embeddable":true,"href":"https:\/\/blogdodanielgalvao.com.br\/site\/wp-json\/wp\/v2\/categories?post=18336"},{"taxonomy":"post_tag","embeddable":true,"href":"https:\/\/blogdodanielgalvao.com.br\/site\/wp-json\/wp\/v2\/tags?post=18336"}],"curies":[{"name":"wp","href":"https:\/\/api.w.org\/{rel}","templated":true}]}}