{"id":18330,"date":"2025-05-20T10:17:17","date_gmt":"2025-05-20T13:17:17","guid":{"rendered":"https:\/\/blogdodanielgalvao.com.br\/site\/?p=18330"},"modified":"2025-05-20T10:17:17","modified_gmt":"2025-05-20T13:17:17","slug":"regiao-serrana-de-macae-recebe-o-tardezinha-com-henriqueta-nesta-terca","status":"publish","type":"post","link":"https:\/\/blogdodanielgalvao.com.br\/site\/regiao-serrana-de-macae-recebe-o-tardezinha-com-henriqueta-nesta-terca\/","title":{"rendered":"Regi\u00e3o Serrana de Maca\u00e9 recebe o \u201cTardezinha com Henriqueta\u201d nesta ter\u00e7a"},"content":{"rendered":"<p>A regi\u00e3o serrana de Maca\u00e9 ir\u00e1 receber nesta ter\u00e7a-feira (20) em Glic\u00e9rio o \u201cTardezinha com Henriqueta\u201d. O evento cultural ser\u00e1 realizado na Biblioteca P\u00fablica Municipal Henriqueta Marotti. A atra\u00e7\u00e3o faz parte de uma realiza\u00e7\u00e3o da Secretaria de Cultura por meio do Polo Glic\u00e9rio Carlos Magno Abreu Ferreira Maguinho.<\/p>\n<p>O evento est\u00e1 previsto para ter in\u00edcio \u00e0s 17h. Ele contar\u00e1 com entrada franca e apresenta\u00e7\u00f5es de voz, viol\u00e3o e literatura.<\/p>\n<p>De acordo com os organizadores, os interessados em participar n\u00e3o v\u00e3o precisar realizar nenhuma inscri\u00e7\u00e3o.<\/p>\n<p>Esta edi\u00e7\u00e3o do \u2018Tardezinha com Henriqueta\u2019 trar\u00e1 os escritores Adalberto Martins, de \u2018Cartas para Crian\u00e7as do Futuro (Antologia Po\u00e9tica Luso-Brasileira, 2021)\u2019 e Ra\u00edla Maciel, de \u2018Eu Nunca Falei Sobre Isso\u2019, fruto do projeto Escrevivente: a escrita criativa da mulher negra. A atra\u00e7\u00e3o musical ser\u00e1 Jolelcio, em \u2018A\u00a0Voz\u00a0do\u00a0Viol\u00e3o\u2019.<\/p>\n","protected":false},"excerpt":{"rendered":"<p>A regi\u00e3o serrana de Maca\u00e9 ir\u00e1 receber nesta ter\u00e7a-feira (20) em Glic\u00e9rio o \u201cTardezinha com Henriqueta\u201d. O evento cultural ser\u00e1 realizado na Biblioteca P\u00fablica Municipal Henriqueta Marotti. A atra\u00e7\u00e3o faz parte de uma realiza\u00e7\u00e3o da Secretaria de Cultura por meio do Polo Glic\u00e9rio Carlos Magno Abreu Ferreira Maguinho. O evento est\u00e1 previsto para ter in\u00edcio [&hellip;]<\/p>\n","protected":false},"author":2,"featured_media":18331,"comment_status":"open","ping_status":"open","sticky":true,"template":"","format":"standard","meta":{"footnotes":""},"categories":[2],"tags":[1896],"class_list":["post-18330","post","type-post","status-publish","format-standard","has-post-thumbnail","hentry","category-macae","tag-destaque"],"_links":{"self":[{"href":"https:\/\/blogdodanielgalvao.com.br\/site\/wp-json\/wp\/v2\/posts\/18330","targetHints":{"allow":["GET"]}}],"collection":[{"href":"https:\/\/blogdodanielgalvao.com.br\/site\/wp-json\/wp\/v2\/posts"}],"about":[{"href":"https:\/\/blogdodanielgalvao.com.br\/site\/wp-json\/wp\/v2\/types\/post"}],"author":[{"embeddable":true,"href":"https:\/\/blogdodanielgalvao.com.br\/site\/wp-json\/wp\/v2\/users\/2"}],"replies":[{"embeddable":true,"href":"https:\/\/blogdodanielgalvao.com.br\/site\/wp-json\/wp\/v2\/comments?post=18330"}],"version-history":[{"count":1,"href":"https:\/\/blogdodanielgalvao.com.br\/site\/wp-json\/wp\/v2\/posts\/18330\/revisions"}],"predecessor-version":[{"id":18332,"href":"https:\/\/blogdodanielgalvao.com.br\/site\/wp-json\/wp\/v2\/posts\/18330\/revisions\/18332"}],"wp:featuredmedia":[{"embeddable":true,"href":"https:\/\/blogdodanielgalvao.com.br\/site\/wp-json\/wp\/v2\/media\/18331"}],"wp:attachment":[{"href":"https:\/\/blogdodanielgalvao.com.br\/site\/wp-json\/wp\/v2\/media?parent=18330"}],"wp:term":[{"taxonomy":"category","embeddable":true,"href":"https:\/\/blogdodanielgalvao.com.br\/site\/wp-json\/wp\/v2\/categories?post=18330"},{"taxonomy":"post_tag","embeddable":true,"href":"https:\/\/blogdodanielgalvao.com.br\/site\/wp-json\/wp\/v2\/tags?post=18330"}],"curies":[{"name":"wp","href":"https:\/\/api.w.org\/{rel}","templated":true}]}}