{"id":18327,"date":"2025-05-20T10:00:25","date_gmt":"2025-05-20T13:00:25","guid":{"rendered":"https:\/\/blogdodanielgalvao.com.br\/site\/?p=18327"},"modified":"2025-05-20T10:00:25","modified_gmt":"2025-05-20T13:00:25","slug":"reuniao-no-rio-discute-liberacao-de-recursos-para-inicio-das-obras-em-bairro-de-buzios","status":"publish","type":"post","link":"https:\/\/blogdodanielgalvao.com.br\/site\/reuniao-no-rio-discute-liberacao-de-recursos-para-inicio-das-obras-em-bairro-de-buzios\/","title":{"rendered":"Reuni\u00e3o no Rio discute libera\u00e7\u00e3o de recursos para in\u00edcio das obras em bairro de B\u00fazios"},"content":{"rendered":"<p>O prefeito de Arma\u00e7\u00e3o dos B\u00fazios, Alexandre Martins (REPUBLICANOS) esteve no Rio de Janeiro nessa segunda-feira, 19, em visita ao secret\u00e1rio estadual de Infraestrutura e Obras P\u00fablicas, Uruan Andrade, para discutir a\u00e7\u00f5es para a cidade.<\/p>\n<p>A reuni\u00e3o, que contou tamb\u00e9m com a presen\u00e7a do vice-prefeito de B\u00fazios, Leandro da Rasa (REPUBLICANOS), teve como principal pauta a libera\u00e7\u00e3o de 8 milh\u00f5es de reais para o in\u00edcio das obras licitadas de pavimenta\u00e7\u00e3o de ruas no bairro Boa Vista.<\/p>\n<p>Al\u00e9m disso, o encontro tamb\u00e9m serviu para que as partes discutissem o in\u00edcio das obras na Estrada da Fazendinha, al\u00e9m de outros projetos de constru\u00e7\u00e3o, manuten\u00e7\u00e3o de melhorias para as localidades do munic\u00edpio.<\/p>\n<p>\u201cViemos aqui interagir em busca de um posicionamento do Estado sobre quando as obras ter\u00e3o in\u00edcio. Estamos ansiosos, pois foi nesta sala que tudo come\u00e7ou\u201d, lembrou o prefeito Alexandre Martins.<\/p>\n<p>A reuni\u00e3o contou ainda com a presen\u00e7a do secret\u00e1rio estadual de Defesa do Consumidor, Gutemberg Fonseca, que anunciou que, nos pr\u00f3ximos dias, B\u00fazios receber\u00e1 o programa Seguran\u00e7a Presente, do governo estadual.<\/p>\n<p>Segundo o Estado, a ideia \u00e9 ampliar a atua\u00e7\u00e3o do Seguran\u00e7a Presente tamb\u00e9m no interior fluminense, incluindo a\u00e7\u00f5es de fiscaliza\u00e7\u00e3o de crimes contra os consumidores e o combate ao com\u00e9rcio de produtos ilegais ou fora da conformidade.<\/p>\n","protected":false},"excerpt":{"rendered":"<p>O prefeito de Arma\u00e7\u00e3o dos B\u00fazios, Alexandre Martins (REPUBLICANOS) esteve no Rio de Janeiro nessa segunda-feira, 19, em visita ao secret\u00e1rio estadual de Infraestrutura e Obras P\u00fablicas, Uruan Andrade, para discutir a\u00e7\u00f5es para a cidade. A reuni\u00e3o, que contou tamb\u00e9m com a presen\u00e7a do vice-prefeito de B\u00fazios, Leandro da Rasa (REPUBLICANOS), teve como principal pauta [&hellip;]<\/p>\n","protected":false},"author":2,"featured_media":18328,"comment_status":"open","ping_status":"open","sticky":true,"template":"","format":"standard","meta":{"footnotes":""},"categories":[824],"tags":[1896],"class_list":["post-18327","post","type-post","status-publish","format-standard","has-post-thumbnail","hentry","category-buzios","tag-destaque"],"_links":{"self":[{"href":"https:\/\/blogdodanielgalvao.com.br\/site\/wp-json\/wp\/v2\/posts\/18327","targetHints":{"allow":["GET"]}}],"collection":[{"href":"https:\/\/blogdodanielgalvao.com.br\/site\/wp-json\/wp\/v2\/posts"}],"about":[{"href":"https:\/\/blogdodanielgalvao.com.br\/site\/wp-json\/wp\/v2\/types\/post"}],"author":[{"embeddable":true,"href":"https:\/\/blogdodanielgalvao.com.br\/site\/wp-json\/wp\/v2\/users\/2"}],"replies":[{"embeddable":true,"href":"https:\/\/blogdodanielgalvao.com.br\/site\/wp-json\/wp\/v2\/comments?post=18327"}],"version-history":[{"count":1,"href":"https:\/\/blogdodanielgalvao.com.br\/site\/wp-json\/wp\/v2\/posts\/18327\/revisions"}],"predecessor-version":[{"id":18329,"href":"https:\/\/blogdodanielgalvao.com.br\/site\/wp-json\/wp\/v2\/posts\/18327\/revisions\/18329"}],"wp:featuredmedia":[{"embeddable":true,"href":"https:\/\/blogdodanielgalvao.com.br\/site\/wp-json\/wp\/v2\/media\/18328"}],"wp:attachment":[{"href":"https:\/\/blogdodanielgalvao.com.br\/site\/wp-json\/wp\/v2\/media?parent=18327"}],"wp:term":[{"taxonomy":"category","embeddable":true,"href":"https:\/\/blogdodanielgalvao.com.br\/site\/wp-json\/wp\/v2\/categories?post=18327"},{"taxonomy":"post_tag","embeddable":true,"href":"https:\/\/blogdodanielgalvao.com.br\/site\/wp-json\/wp\/v2\/tags?post=18327"}],"curies":[{"name":"wp","href":"https:\/\/api.w.org\/{rel}","templated":true}]}}