{"id":18321,"date":"2025-05-19T16:48:08","date_gmt":"2025-05-19T19:48:08","guid":{"rendered":"https:\/\/blogdodanielgalvao.com.br\/site\/?p=18321"},"modified":"2025-05-19T16:48:08","modified_gmt":"2025-05-19T19:48:08","slug":"corrimao-energizado-fere-aluna-em-escola-de-cabo-frio-area-foi-isolada-e-reparos-feitos-no-mesmo-dia","status":"publish","type":"post","link":"https:\/\/blogdodanielgalvao.com.br\/site\/corrimao-energizado-fere-aluna-em-escola-de-cabo-frio-area-foi-isolada-e-reparos-feitos-no-mesmo-dia\/","title":{"rendered":"Corrim\u00e3o energizado fere aluna em escola de Cabo Frio; \u00e1rea foi isolada e reparos feitos no mesmo dia"},"content":{"rendered":"<p>As aulas seguiram normalmente nesta segunda-feira (19) na Escola Municipal Vereador Leaquim Schuindt, no bairro Jardim Esperan\u00e7a, em Cabo Frio. A dire\u00e7\u00e3o da unidade afirmou que as provid\u00eancias necess\u00e1rias foram adotadas de forma imediata para garantir a seguran\u00e7a dos alunos ap\u00f3s o incidente.<\/p>\n<p>A ocorr\u00eancia aconteceu na \u00faltima sexta-feira (16), quando uma aluna acabou levando um choque el\u00e9trico ao tocar em um corrim\u00e3o na entrada da escola. A menina, que estava descal\u00e7a no momento, foi rapidamente socorrida e encaminhada ao Hospital Municipal Otime Cardoso dos Santos (HMCOS). Ap\u00f3s avalia\u00e7\u00e3o m\u00e9dica, ela foi liberada sem ferimentos.<\/p>\n<p>Segundo a dire\u00e7\u00e3o, o problema foi causado por um trecho de fia\u00e7\u00e3o exposta em um poste pr\u00f3ximo \u00e0 entrada da escola, consequ\u00eancia de uma tentativa de furto de cabos. Ao identificar o risco logo no in\u00edcio do expediente, a equipe escolar isolou imediatamente a \u00e1rea afetada e orientou alunos e funcion\u00e1rios a evitarem o contato com estruturas met\u00e1licas.<\/p>\n<p>A Prefeitura de Cabo Frio acionou a concession\u00e1ria Enel e, por meio da Comsercaf, realizou os reparos ainda na sexta-feira. O governo municipal acompanha o caso e refor\u00e7ou o compromisso com a seguran\u00e7a da comunidade\u00a0escolar.<\/p>\n","protected":false},"excerpt":{"rendered":"<p>As aulas seguiram normalmente nesta segunda-feira (19) na Escola Municipal Vereador Leaquim Schuindt, no bairro Jardim Esperan\u00e7a, em Cabo Frio. A dire\u00e7\u00e3o da unidade afirmou que as provid\u00eancias necess\u00e1rias foram adotadas de forma imediata para garantir a seguran\u00e7a dos alunos ap\u00f3s o incidente. A ocorr\u00eancia aconteceu na \u00faltima sexta-feira (16), quando uma aluna acabou levando [&hellip;]<\/p>\n","protected":false},"author":2,"featured_media":18322,"comment_status":"open","ping_status":"open","sticky":true,"template":"","format":"standard","meta":{"footnotes":""},"categories":[340],"tags":[1896],"class_list":["post-18321","post","type-post","status-publish","format-standard","has-post-thumbnail","hentry","category-cabo-frio","tag-destaque"],"_links":{"self":[{"href":"https:\/\/blogdodanielgalvao.com.br\/site\/wp-json\/wp\/v2\/posts\/18321","targetHints":{"allow":["GET"]}}],"collection":[{"href":"https:\/\/blogdodanielgalvao.com.br\/site\/wp-json\/wp\/v2\/posts"}],"about":[{"href":"https:\/\/blogdodanielgalvao.com.br\/site\/wp-json\/wp\/v2\/types\/post"}],"author":[{"embeddable":true,"href":"https:\/\/blogdodanielgalvao.com.br\/site\/wp-json\/wp\/v2\/users\/2"}],"replies":[{"embeddable":true,"href":"https:\/\/blogdodanielgalvao.com.br\/site\/wp-json\/wp\/v2\/comments?post=18321"}],"version-history":[{"count":1,"href":"https:\/\/blogdodanielgalvao.com.br\/site\/wp-json\/wp\/v2\/posts\/18321\/revisions"}],"predecessor-version":[{"id":18323,"href":"https:\/\/blogdodanielgalvao.com.br\/site\/wp-json\/wp\/v2\/posts\/18321\/revisions\/18323"}],"wp:featuredmedia":[{"embeddable":true,"href":"https:\/\/blogdodanielgalvao.com.br\/site\/wp-json\/wp\/v2\/media\/18322"}],"wp:attachment":[{"href":"https:\/\/blogdodanielgalvao.com.br\/site\/wp-json\/wp\/v2\/media?parent=18321"}],"wp:term":[{"taxonomy":"category","embeddable":true,"href":"https:\/\/blogdodanielgalvao.com.br\/site\/wp-json\/wp\/v2\/categories?post=18321"},{"taxonomy":"post_tag","embeddable":true,"href":"https:\/\/blogdodanielgalvao.com.br\/site\/wp-json\/wp\/v2\/tags?post=18321"}],"curies":[{"name":"wp","href":"https:\/\/api.w.org\/{rel}","templated":true}]}}