{"id":17913,"date":"2025-05-10T12:09:05","date_gmt":"2025-05-10T15:09:05","guid":{"rendered":"https:\/\/blogdodanielgalvao.com.br\/site\/?p=17913"},"modified":"2025-05-10T12:09:05","modified_gmt":"2025-05-10T15:09:05","slug":"cercas-ecologicas-e-plantio-de-mudas-marcam-a-revitalizacao-da-praia-do-pero-em-cabo-frio","status":"publish","type":"post","link":"https:\/\/blogdodanielgalvao.com.br\/site\/cercas-ecologicas-e-plantio-de-mudas-marcam-a-revitalizacao-da-praia-do-pero-em-cabo-frio\/","title":{"rendered":"Cercas ecol\u00f3gicas e plantio de mudas marcam a revitaliza\u00e7\u00e3o da Praia do Per\u00f3 em Cabo Frio"},"content":{"rendered":"<p>A Praia do Per\u00f3, em Cabo Frio, passou por um processo de revitaliza\u00e7\u00e3o nesta semana, com foco na recupera\u00e7\u00e3o da vegeta\u00e7\u00e3o nativa e na prote\u00e7\u00e3o das esp\u00e9cies que fazem parte do ecossistema local.<\/p>\n<p>Para garantir a preserva\u00e7\u00e3o das plantas, foram instalados novos mour\u00f5es e cercas de corda de sisal \u2014 um material ecol\u00f3gico que n\u00e3o prejudica o ambiente. Esse cercamento visa proteger a vegeta\u00e7\u00e3o do pisoteamento e de outros danos causados pela interven\u00e7\u00e3o humana.<\/p>\n<p>Alguns cercados j\u00e1 estavam no local, mas estavam danificados ou haviam sido removidos. Agora, est\u00e3o sendo reinstalados como parte dos esfor\u00e7os cont\u00ednuos para cuidar da praia. Al\u00e9m disso, tamb\u00e9m foram plantadas novas mudas de esp\u00e9cies nativas, como ipomeia, brom\u00e9lias, mandacaru-da-praia, cactos e outras plantas t\u00edpicas da restinga, ajudando na recupera\u00e7\u00e3o da \u00e1rea que estava degradada.<\/p>\n<p>A a\u00e7\u00e3o \u00e9 realizada pela equipe Verde da Secretaria Municipal de Meio Ambiente, Saneamento e Clima, com o apoio da Comsercaf, que mant\u00e9m monitoramento constante da praia para garantir a preserva\u00e7\u00e3o do ecossistema, sempre em conformidade com os crit\u00e9rios exigidos pela Bandeira Azul. O pr\u00f3ximo passo ser\u00e1 a instala\u00e7\u00e3o das placas de sinaliza\u00e7\u00e3o.<\/p>\n<p>Este trabalho acontece justamente no momento em que a Praia do Per\u00f3 recebe visitantes de diversas partes do pa\u00eds, durante o XVIII Workshop Nacional Bandeira Azul, que discute boas pr\u00e1ticas e estrat\u00e9gias para a preserva\u00e7\u00e3o ambiental nas praias certificadas. Cabo Frio \u00e9 a cidade anfitri\u00e3 pela segunda vez e, nesta edi\u00e7\u00e3o, o evento tamb\u00e9m celebra os 20 anos do programa no Brasil.<\/p>\n<p>A programa\u00e7\u00e3o completa do evento est\u00e1 dispon\u00edvel neste link:<\/p>\n<p><a href=\"https:\/\/bandeiraazul.org.br\/evento-workshop-nacional-2025\">https:\/\/bandeiraazul.org.br\/evento-workshop-nacional-2025<\/a><\/p>\n<p><a href=\"https:\/\/bandeiraazul.org.br\/evento-workshop-nacional-2025\">https:\/\/bandeiraazul.org.br\/evento-workshop-nacional-2025<\/a><\/p>\n","protected":false},"excerpt":{"rendered":"<p>A Praia do Per\u00f3, em Cabo Frio, passou por um processo de revitaliza\u00e7\u00e3o nesta semana, com foco na recupera\u00e7\u00e3o da vegeta\u00e7\u00e3o nativa e na prote\u00e7\u00e3o das esp\u00e9cies que fazem parte do ecossistema local. Para garantir a preserva\u00e7\u00e3o das plantas, foram instalados novos mour\u00f5es e cercas de corda de sisal \u2014 um material ecol\u00f3gico que n\u00e3o [&hellip;]<\/p>\n","protected":false},"author":2,"featured_media":17914,"comment_status":"open","ping_status":"open","sticky":true,"template":"","format":"standard","meta":{"footnotes":""},"categories":[340],"tags":[2776,1896],"class_list":["post-17913","post","type-post","status-publish","format-standard","has-post-thumbnail","hentry","category-cabo-frio","tag-cabo-frio-promove-revitalizacao-da-praia-do-pero","tag-destaque"],"_links":{"self":[{"href":"https:\/\/blogdodanielgalvao.com.br\/site\/wp-json\/wp\/v2\/posts\/17913","targetHints":{"allow":["GET"]}}],"collection":[{"href":"https:\/\/blogdodanielgalvao.com.br\/site\/wp-json\/wp\/v2\/posts"}],"about":[{"href":"https:\/\/blogdodanielgalvao.com.br\/site\/wp-json\/wp\/v2\/types\/post"}],"author":[{"embeddable":true,"href":"https:\/\/blogdodanielgalvao.com.br\/site\/wp-json\/wp\/v2\/users\/2"}],"replies":[{"embeddable":true,"href":"https:\/\/blogdodanielgalvao.com.br\/site\/wp-json\/wp\/v2\/comments?post=17913"}],"version-history":[{"count":1,"href":"https:\/\/blogdodanielgalvao.com.br\/site\/wp-json\/wp\/v2\/posts\/17913\/revisions"}],"predecessor-version":[{"id":17915,"href":"https:\/\/blogdodanielgalvao.com.br\/site\/wp-json\/wp\/v2\/posts\/17913\/revisions\/17915"}],"wp:featuredmedia":[{"embeddable":true,"href":"https:\/\/blogdodanielgalvao.com.br\/site\/wp-json\/wp\/v2\/media\/17914"}],"wp:attachment":[{"href":"https:\/\/blogdodanielgalvao.com.br\/site\/wp-json\/wp\/v2\/media?parent=17913"}],"wp:term":[{"taxonomy":"category","embeddable":true,"href":"https:\/\/blogdodanielgalvao.com.br\/site\/wp-json\/wp\/v2\/categories?post=17913"},{"taxonomy":"post_tag","embeddable":true,"href":"https:\/\/blogdodanielgalvao.com.br\/site\/wp-json\/wp\/v2\/tags?post=17913"}],"curies":[{"name":"wp","href":"https:\/\/api.w.org\/{rel}","templated":true}]}}