{"id":17600,"date":"2025-05-05T15:34:01","date_gmt":"2025-05-05T18:34:01","guid":{"rendered":"https:\/\/blogdodanielgalvao.com.br\/site\/?p=17600"},"modified":"2025-05-05T15:34:01","modified_gmt":"2025-05-05T18:34:01","slug":"onibus-da-ept-de-marica-pega-fogo-na-rj-106-prefeitura-promete-investigar-o-ocorrido","status":"publish","type":"post","link":"https:\/\/blogdodanielgalvao.com.br\/site\/onibus-da-ept-de-marica-pega-fogo-na-rj-106-prefeitura-promete-investigar-o-ocorrido\/","title":{"rendered":"\u00d4nibus da EPT de Maric\u00e1 pega fogo na RJ-106; prefeitura promete investigar o ocorrido"},"content":{"rendered":"<p>Um\u00a0\u00f4nibus da Empresa P\u00fablica de Transportes (EPT)\u00a0de Maric\u00e1 pegou fogo na tarde desse s\u00e1bado, 3, por volta das 14h, assustando quem passava pela Rodovia Amaral Peixoto (RJ-106), na altura do bairro Manu Manuela.<\/p>\n<p>Conhecido como \u201cVermelhinho\u201d, o \u00f4nibus seguia no sentido Maric\u00e1 e estava\u00a0sem passageiros\u00a0no momento do incidente, que tamb\u00e9m n\u00e3o deixou ferimentos no motorista e em mec\u00e2nico, que seguia a bordo do ve\u00edculo.<\/p>\n<p>De acordo com o Corpo de Bombeiros, o quartel da cidade foi acionado por volta das 14h39, conseguindo conter as chamas rapidamente, enquanto a Guarda Municipal interditou aquele trecho da rodovia, por medidas de seguran\u00e7a, provocando um grande congestionamento no trecho entre a Estrada dos Cajueiros e o ponto do inc\u00eandio.<\/p>\n<p>Segundo a EPT, o \u00f4nibus estava passando por uma fase de testes, e passar\u00e1 por uma per\u00edcia t\u00e9cnica rigorosa para identificar as causas do inc\u00eandio, o 1\u00ba registrado na frota, que recebe manuten\u00e7\u00e3o preventiva\u00a0focada na seguran\u00e7a dos usu\u00e1rios.<\/p>\n","protected":false},"excerpt":{"rendered":"<p>Um\u00a0\u00f4nibus da Empresa P\u00fablica de Transportes (EPT)\u00a0de Maric\u00e1 pegou fogo na tarde desse s\u00e1bado, 3, por volta das 14h, assustando quem passava pela Rodovia Amaral Peixoto (RJ-106), na altura do bairro Manu Manuela. Conhecido como \u201cVermelhinho\u201d, o \u00f4nibus seguia no sentido Maric\u00e1 e estava\u00a0sem passageiros\u00a0no momento do incidente, que tamb\u00e9m n\u00e3o deixou ferimentos no motorista [&hellip;]<\/p>\n","protected":false},"author":2,"featured_media":17601,"comment_status":"open","ping_status":"open","sticky":true,"template":"","format":"standard","meta":{"footnotes":""},"categories":[299],"tags":[1896],"class_list":["post-17600","post","type-post","status-publish","format-standard","has-post-thumbnail","hentry","category-marica","tag-destaque"],"_links":{"self":[{"href":"https:\/\/blogdodanielgalvao.com.br\/site\/wp-json\/wp\/v2\/posts\/17600","targetHints":{"allow":["GET"]}}],"collection":[{"href":"https:\/\/blogdodanielgalvao.com.br\/site\/wp-json\/wp\/v2\/posts"}],"about":[{"href":"https:\/\/blogdodanielgalvao.com.br\/site\/wp-json\/wp\/v2\/types\/post"}],"author":[{"embeddable":true,"href":"https:\/\/blogdodanielgalvao.com.br\/site\/wp-json\/wp\/v2\/users\/2"}],"replies":[{"embeddable":true,"href":"https:\/\/blogdodanielgalvao.com.br\/site\/wp-json\/wp\/v2\/comments?post=17600"}],"version-history":[{"count":1,"href":"https:\/\/blogdodanielgalvao.com.br\/site\/wp-json\/wp\/v2\/posts\/17600\/revisions"}],"predecessor-version":[{"id":17603,"href":"https:\/\/blogdodanielgalvao.com.br\/site\/wp-json\/wp\/v2\/posts\/17600\/revisions\/17603"}],"wp:featuredmedia":[{"embeddable":true,"href":"https:\/\/blogdodanielgalvao.com.br\/site\/wp-json\/wp\/v2\/media\/17601"}],"wp:attachment":[{"href":"https:\/\/blogdodanielgalvao.com.br\/site\/wp-json\/wp\/v2\/media?parent=17600"}],"wp:term":[{"taxonomy":"category","embeddable":true,"href":"https:\/\/blogdodanielgalvao.com.br\/site\/wp-json\/wp\/v2\/categories?post=17600"},{"taxonomy":"post_tag","embeddable":true,"href":"https:\/\/blogdodanielgalvao.com.br\/site\/wp-json\/wp\/v2\/tags?post=17600"}],"curies":[{"name":"wp","href":"https:\/\/api.w.org\/{rel}","templated":true}]}}