{"id":17597,"date":"2025-05-05T15:25:22","date_gmt":"2025-05-05T18:25:22","guid":{"rendered":"https:\/\/blogdodanielgalvao.com.br\/site\/?p=17597"},"modified":"2025-05-05T15:27:40","modified_gmt":"2025-05-05T18:27:40","slug":"feriadao-com-show-de-lady-gaga-no-rio-fazem-maio-virar-alta-temporada-na-capital-e-no-interior","status":"publish","type":"post","link":"https:\/\/blogdodanielgalvao.com.br\/site\/feriadao-com-show-de-lady-gaga-no-rio-fazem-maio-virar-alta-temporada-na-capital-e-no-interior\/","title":{"rendered":"Feriad\u00e3o com show de Lady Gaga no Rio fazem maio virar alta temporada na capital e no interior"},"content":{"rendered":"<p>O Estado do Rio atingiu n\u00fameros de alta temporada nesse in\u00edcio de maio, com o feriad\u00e3o do Dia do Trabalhador, celebrado na \u00faltima quinta-feira, 1, e com o show da cantora Lady Gaga, na noite desse s\u00e1bado, 3, em Copacabana, no Rio.<\/p>\n<p>\u00c9 o que mostra um levantamento da Associa\u00e7\u00e3o Brasileira da Ind\u00fastria de Hot\u00e9is do Estado do Rio (ABIH-RJ), que registrava uma taxa de ocupa\u00e7\u00e3o hoteleira de mais de 82% no interior fluminense, entre os dias 1 e 4 de maio, e de mais 86% na capital.<\/p>\n<p>Enquanto o Rio teve alta movimenta\u00e7\u00e3o de visitantes internacionais nesse fim de semana, com um p\u00fablico de mais de 2 milh\u00f5es de pessoas em Copacabana para acompanhar o show hist\u00f3rico de Lady Gaga, o interior tamb\u00e9m teve n\u00fameros de alta temporada.<\/p>\n<p>Na lista, divulgada pela ABIH-RJ, um dos principais destaques na taxa de ocupa\u00e7\u00e3o hoteleira foram das cidades da Regi\u00e3o dos Lagos e do Norte Fluminense, 5 das 9 primeiras posi\u00e7\u00f5es do interior do Estado nesse in\u00edcio de maio.<\/p>\n<p>Na regi\u00e3o, a cidade mais procurada foi Cabo Frio, com 81,5% de taxa de ocupa\u00e7\u00e3o hoteleira entre 1 e 4 de maio, seguida de Rio das Ostras, com 80,3%, superando Maca\u00e9, com 79,5%, Arma\u00e7\u00e3o dos B\u00fazios, com 74,5%, e Arraial do Cabo, com 68,2%.<\/p>\n<p>\u201cO Rio de Janeiro reafirma sua voca\u00e7\u00e3o para realizar grandes eventos e acolher visitantes. O turismo \u00e9 um grande motor da economia fluminense\u201d, afirmou o governador\u00a0Cl\u00e1udio Castro (PL).<\/p>\n<p>Para o secret\u00e1rio estadual de Turismo,\u00a0Gustavo Tutuca (PP), todo esse impacto se deve \u00e0 combina\u00e7\u00e3o entre cultura pop e feriado, caracter\u00edsticas que ajudaram a transformar uma temporada antes tida como \u201cpacata\u201d como uma das mais movimentadas dos \u00faltimos anos.<\/p>\n<p>\u201cEssa movimenta\u00e7\u00e3o fortalece a imagem do Rio como destino pronto para receber visitantes em qualquer ocasi\u00e3o\u201d, completou Gustavo Tutuca.<\/p>\n<p>A alta no fluxo de visitantes tamb\u00e9m se refletiu nos principais terminais de transporte do Estado, com a Rodovi\u00e1ria do Rio\u00a0estimando uma movimenta\u00e7\u00e3o de\u00a0240 mil pessoas, e o\u00a0Aeroporto Internacional do Gale\u00e3o (RIOgale\u00e3o)\u00a0com mais\u00a0363 mil passageiros\u00a0e 4.192 voos previstos entre 29 de abril e 6 de maio.<\/p>\n<p>De acordo com a concession\u00e1ria RIOGale\u00e3o, o volume representa um\u00a0aumento de 26%\u00a0no n\u00famero de passageiros e\u00a019% nos voos\u00a0em rela\u00e7\u00e3o ao mesmo per\u00edodo do ano passado, quando a cidade do Rio sediou o show da cantora Madonna.<\/p>\n","protected":false},"excerpt":{"rendered":"<p>O Estado do Rio atingiu n\u00fameros de alta temporada nesse in\u00edcio de maio, com o feriad\u00e3o do Dia do Trabalhador, celebrado na \u00faltima quinta-feira, 1, e com o show da cantora Lady Gaga, na noite desse s\u00e1bado, 3, em Copacabana, no Rio. \u00c9 o que mostra um levantamento da Associa\u00e7\u00e3o Brasileira da Ind\u00fastria de Hot\u00e9is [&hellip;]<\/p>\n","protected":false},"author":2,"featured_media":17598,"comment_status":"open","ping_status":"open","sticky":true,"template":"","format":"standard","meta":{"footnotes":""},"categories":[304],"tags":[1896],"class_list":["post-17597","post","type-post","status-publish","format-standard","has-post-thumbnail","hentry","category-rio-de-janeiro","tag-destaque"],"_links":{"self":[{"href":"https:\/\/blogdodanielgalvao.com.br\/site\/wp-json\/wp\/v2\/posts\/17597","targetHints":{"allow":["GET"]}}],"collection":[{"href":"https:\/\/blogdodanielgalvao.com.br\/site\/wp-json\/wp\/v2\/posts"}],"about":[{"href":"https:\/\/blogdodanielgalvao.com.br\/site\/wp-json\/wp\/v2\/types\/post"}],"author":[{"embeddable":true,"href":"https:\/\/blogdodanielgalvao.com.br\/site\/wp-json\/wp\/v2\/users\/2"}],"replies":[{"embeddable":true,"href":"https:\/\/blogdodanielgalvao.com.br\/site\/wp-json\/wp\/v2\/comments?post=17597"}],"version-history":[{"count":1,"href":"https:\/\/blogdodanielgalvao.com.br\/site\/wp-json\/wp\/v2\/posts\/17597\/revisions"}],"predecessor-version":[{"id":17599,"href":"https:\/\/blogdodanielgalvao.com.br\/site\/wp-json\/wp\/v2\/posts\/17597\/revisions\/17599"}],"wp:featuredmedia":[{"embeddable":true,"href":"https:\/\/blogdodanielgalvao.com.br\/site\/wp-json\/wp\/v2\/media\/17598"}],"wp:attachment":[{"href":"https:\/\/blogdodanielgalvao.com.br\/site\/wp-json\/wp\/v2\/media?parent=17597"}],"wp:term":[{"taxonomy":"category","embeddable":true,"href":"https:\/\/blogdodanielgalvao.com.br\/site\/wp-json\/wp\/v2\/categories?post=17597"},{"taxonomy":"post_tag","embeddable":true,"href":"https:\/\/blogdodanielgalvao.com.br\/site\/wp-json\/wp\/v2\/tags?post=17597"}],"curies":[{"name":"wp","href":"https:\/\/api.w.org\/{rel}","templated":true}]}}