{"id":17596,"date":"2025-05-05T15:34:41","date_gmt":"2025-05-05T18:34:41","guid":{"rendered":"https:\/\/blogdodanielgalvao.com.br\/site\/?p=17596"},"modified":"2025-05-05T15:34:41","modified_gmt":"2025-05-05T18:34:41","slug":"programacao-diversificada-marca-o-mes-de-maio-em-macae-confira","status":"publish","type":"post","link":"https:\/\/blogdodanielgalvao.com.br\/site\/programacao-diversificada-marca-o-mes-de-maio-em-macae-confira\/","title":{"rendered":"Programa\u00e7\u00e3o diversificada marca o m\u00eas de maio em Maca\u00e9; confira"},"content":{"rendered":"<p>Maca\u00e9 est\u00e1 com uma programa\u00e7\u00e3o recheada de atra\u00e7\u00f5es para o m\u00eas de maio. Um dos eventos ser\u00e1 o Adora Som Gospel. Realizado no Centro de Conven\u00e7\u00f5es, ele est\u00e1 previsto para os dias 9 e 10 e vai contar com a participa\u00e7\u00e3o de Fernanda Brum e o Grupo Morada. O munic\u00edpio vai receber tamb\u00e9m um evento de pesca esportiva, a semana do MEI e o Festival Jazz and Blues.<\/p>\n<p>Outro evento que faz parte do calend\u00e1rio de maio ser\u00e1 a tradicional Marcha para Jesus. Ele j\u00e1 vai para a sua 16\u00aa edi\u00e7\u00e3o e ser\u00e1 realizado no dia 17. Assim como acontece em todos os anos, a expectativa \u00e9 reunir diferentes denomina\u00e7\u00f5es evang\u00e9licas em uma caminhada de celebra\u00e7\u00e3o \u00e0 f\u00e9.<\/p>\n<p>J\u00e1 nos dias 17 e 18 ser\u00e1 realizado o Maca\u00e9 Open Surfcasting, voltado para os amantes da pesca esportiva. Na sequ\u00eancia, entre 18 e 20, a regi\u00e3o serrana ser\u00e1 palco da Festa do Sana, que celebra a cultura local com m\u00fasica, gastronomia e anima\u00e7\u00e3o.<\/p>\n<p>De 19 a 23, acontece a Semana do MEI \u2013 Microempreendedor Individual, com uma programa\u00e7\u00e3o voltada a quem deseja abrir ou expandir seu pr\u00f3prio neg\u00f3cio. Palestras, oficinas e atendimentos especializados ser\u00e3o oferecidos ao p\u00fablico, incentivando o fortalecimento do empreendedorismo local.<\/p>\n<p>Na sequ\u00eancia, de 22 a 25, os amantes da m\u00fasica poder\u00e3o aproveitar o 4\u00ba Festival Jazz and Blues Maca\u00e9, que promete agitar a cidade com apresenta\u00e7\u00f5es de artistas nacionais e internacionais, inserindo Maca\u00e9 na rota dos grandes eventos culturais.<\/p>\n<p>Entre os dias 26 e 30, o foco se volta para a inova\u00e7\u00e3o com o Maca\u00e9 Innovation Offshore, um evento que promove a troca de conhecimentos e a apresenta\u00e7\u00e3o de novas tecnologias voltadas ao setor de energia, destacando o papel estrat\u00e9gico da cidade na ind\u00fastria offshore.<\/p>\n<p>Encerrando o m\u00eas, Maca\u00e9 celebra suas ra\u00edzes com a tradicional Festa do Frade, entre os dias 30 de maio e 1\u00ba de junho. E no dia 31, acontece a Caminhada da F\u00e9, uma peregrina\u00e7\u00e3o de 36 quil\u00f4metros organizada pela Igreja de Santo Ant\u00f4nio, com sa\u00edda da sede do templo em dire\u00e7\u00e3o ao distrito de C\u00f3rrego do Ouro.<\/p>\n","protected":false},"excerpt":{"rendered":"<p>Maca\u00e9 est\u00e1 com uma programa\u00e7\u00e3o recheada de atra\u00e7\u00f5es para o m\u00eas de maio. Um dos eventos ser\u00e1 o Adora Som Gospel. Realizado no Centro de Conven\u00e7\u00f5es, ele est\u00e1 previsto para os dias 9 e 10 e vai contar com a participa\u00e7\u00e3o de Fernanda Brum e o Grupo Morada. O munic\u00edpio vai receber tamb\u00e9m um evento [&hellip;]<\/p>\n","protected":false},"author":2,"featured_media":17602,"comment_status":"open","ping_status":"open","sticky":true,"template":"","format":"standard","meta":{"footnotes":""},"categories":[2],"tags":[98],"class_list":["post-17596","post","type-post","status-publish","format-standard","has-post-thumbnail","hentry","category-macae","tag-macae"],"_links":{"self":[{"href":"https:\/\/blogdodanielgalvao.com.br\/site\/wp-json\/wp\/v2\/posts\/17596","targetHints":{"allow":["GET"]}}],"collection":[{"href":"https:\/\/blogdodanielgalvao.com.br\/site\/wp-json\/wp\/v2\/posts"}],"about":[{"href":"https:\/\/blogdodanielgalvao.com.br\/site\/wp-json\/wp\/v2\/types\/post"}],"author":[{"embeddable":true,"href":"https:\/\/blogdodanielgalvao.com.br\/site\/wp-json\/wp\/v2\/users\/2"}],"replies":[{"embeddable":true,"href":"https:\/\/blogdodanielgalvao.com.br\/site\/wp-json\/wp\/v2\/comments?post=17596"}],"version-history":[{"count":1,"href":"https:\/\/blogdodanielgalvao.com.br\/site\/wp-json\/wp\/v2\/posts\/17596\/revisions"}],"predecessor-version":[{"id":17604,"href":"https:\/\/blogdodanielgalvao.com.br\/site\/wp-json\/wp\/v2\/posts\/17596\/revisions\/17604"}],"wp:featuredmedia":[{"embeddable":true,"href":"https:\/\/blogdodanielgalvao.com.br\/site\/wp-json\/wp\/v2\/media\/17602"}],"wp:attachment":[{"href":"https:\/\/blogdodanielgalvao.com.br\/site\/wp-json\/wp\/v2\/media?parent=17596"}],"wp:term":[{"taxonomy":"category","embeddable":true,"href":"https:\/\/blogdodanielgalvao.com.br\/site\/wp-json\/wp\/v2\/categories?post=17596"},{"taxonomy":"post_tag","embeddable":true,"href":"https:\/\/blogdodanielgalvao.com.br\/site\/wp-json\/wp\/v2\/tags?post=17596"}],"curies":[{"name":"wp","href":"https:\/\/api.w.org\/{rel}","templated":true}]}}