{"id":17593,"date":"2025-05-05T14:24:43","date_gmt":"2025-05-05T17:24:43","guid":{"rendered":"https:\/\/blogdodanielgalvao.com.br\/site\/?p=17593"},"modified":"2025-05-05T14:24:43","modified_gmt":"2025-05-05T17:24:43","slug":"cabo-frio-relanca-projeto-que-promove-leitura-nas-escolas-publicas","status":"publish","type":"post","link":"https:\/\/blogdodanielgalvao.com.br\/site\/cabo-frio-relanca-projeto-que-promove-leitura-nas-escolas-publicas\/","title":{"rendered":"Cabo Frio relan\u00e7a projeto que promove leitura nas escolas p\u00fablicas"},"content":{"rendered":"<p>A Prefeitura de Cabo Frio, por meio da Secretaria Municipal de Educa\u00e7\u00e3o, est\u00e1 colocando em pr\u00e1tica uma nova etapa do projeto \u201cDose de Leitura\u201d, que incentiva os alunos da rede municipal a desenvolver o gosto pela leitura. A din\u00e2mica \u00e9 simples: uma vez por semana, durante 10 minutos, toda a escola interrompe suas atividades para se dedicar exclusivamente aos livros.<\/p>\n<p>Em um hor\u00e1rio definido previamente, o sinal toca de forma simb\u00f3lica e marca o in\u00edcio desse momento especial. Alunos, professores e funcion\u00e1rios param o que estiverem fazendo para abrir um livro e viajar pelo mundo da imagina\u00e7\u00e3o, das ideias e das hist\u00f3rias.<\/p>\n<p>Mais do que um momento de leitura, o projeto tamb\u00e9m inclui a reorganiza\u00e7\u00e3o das bibliotecas escolares, a forma\u00e7\u00e3o de professores e mediadores, al\u00e9m da realiza\u00e7\u00e3o de rodas de leitura, murais com sugest\u00f5es de livros, saraus e bate-papos sobre as obras.<\/p>\n<p>Para iniciar a nova fase da a\u00e7\u00e3o, a Coordenadoria de Forma\u00e7\u00e3o Continuada promove nesta segunda-feira (5) um encontro formativo com o tema \u201cEntre palavras e sentidos: caminhos para encantar com a leitura\u201d. O evento reunir\u00e1 professores da rede municipal que v\u00e3o apresentar experi\u00eancias de sucesso em sala de aula, compartilhando estrat\u00e9gias criativas para engajar os estudantes com a leitura.<\/p>\n<p>\u201cDose de Leitura\u201d integra uma pol\u00edtica de valoriza\u00e7\u00e3o do livro e da forma\u00e7\u00e3o de leitores cr\u00edticos, imaginativos e mais conscientes. O projeto tamb\u00e9m se alinha \u00e0s diretrizes nacionais e locais de fomento \u00e0 leitura, reafirmando o compromisso de transformar Cabo Frio em uma cidade mais leitora e apaixonada\u00a0por\u00a0livros.<\/p>\n","protected":false},"excerpt":{"rendered":"<p>A Prefeitura de Cabo Frio, por meio da Secretaria Municipal de Educa\u00e7\u00e3o, est\u00e1 colocando em pr\u00e1tica uma nova etapa do projeto \u201cDose de Leitura\u201d, que incentiva os alunos da rede municipal a desenvolver o gosto pela leitura. A din\u00e2mica \u00e9 simples: uma vez por semana, durante 10 minutos, toda a escola interrompe suas atividades para [&hellip;]<\/p>\n","protected":false},"author":2,"featured_media":17594,"comment_status":"open","ping_status":"open","sticky":true,"template":"","format":"standard","meta":{"footnotes":""},"categories":[340],"tags":[1896],"class_list":["post-17593","post","type-post","status-publish","format-standard","has-post-thumbnail","hentry","category-cabo-frio","tag-destaque"],"_links":{"self":[{"href":"https:\/\/blogdodanielgalvao.com.br\/site\/wp-json\/wp\/v2\/posts\/17593","targetHints":{"allow":["GET"]}}],"collection":[{"href":"https:\/\/blogdodanielgalvao.com.br\/site\/wp-json\/wp\/v2\/posts"}],"about":[{"href":"https:\/\/blogdodanielgalvao.com.br\/site\/wp-json\/wp\/v2\/types\/post"}],"author":[{"embeddable":true,"href":"https:\/\/blogdodanielgalvao.com.br\/site\/wp-json\/wp\/v2\/users\/2"}],"replies":[{"embeddable":true,"href":"https:\/\/blogdodanielgalvao.com.br\/site\/wp-json\/wp\/v2\/comments?post=17593"}],"version-history":[{"count":1,"href":"https:\/\/blogdodanielgalvao.com.br\/site\/wp-json\/wp\/v2\/posts\/17593\/revisions"}],"predecessor-version":[{"id":17595,"href":"https:\/\/blogdodanielgalvao.com.br\/site\/wp-json\/wp\/v2\/posts\/17593\/revisions\/17595"}],"wp:featuredmedia":[{"embeddable":true,"href":"https:\/\/blogdodanielgalvao.com.br\/site\/wp-json\/wp\/v2\/media\/17594"}],"wp:attachment":[{"href":"https:\/\/blogdodanielgalvao.com.br\/site\/wp-json\/wp\/v2\/media?parent=17593"}],"wp:term":[{"taxonomy":"category","embeddable":true,"href":"https:\/\/blogdodanielgalvao.com.br\/site\/wp-json\/wp\/v2\/categories?post=17593"},{"taxonomy":"post_tag","embeddable":true,"href":"https:\/\/blogdodanielgalvao.com.br\/site\/wp-json\/wp\/v2\/tags?post=17593"}],"curies":[{"name":"wp","href":"https:\/\/api.w.org\/{rel}","templated":true}]}}