{"id":17590,"date":"2025-05-05T14:14:20","date_gmt":"2025-05-05T17:14:20","guid":{"rendered":"https:\/\/blogdodanielgalvao.com.br\/site\/?p=17590"},"modified":"2025-05-05T14:14:20","modified_gmt":"2025-05-05T17:14:20","slug":"unidades-de-saude-sao-arrombadas-em-cabo-frio-e-prejuizo-ainda-esta-sendo-avaliado","status":"publish","type":"post","link":"https:\/\/blogdodanielgalvao.com.br\/site\/unidades-de-saude-sao-arrombadas-em-cabo-frio-e-prejuizo-ainda-esta-sendo-avaliado\/","title":{"rendered":"Unidades de sa\u00fade s\u00e3o arrombadas em Cabo Frio e preju\u00edzo ainda est\u00e1 sendo avaliado"},"content":{"rendered":"<p>A Prefeitura de Cabo Frio se pronunciou ap\u00f3s os epis\u00f3dios de invas\u00e3o registrados em duas unidades de sa\u00fade do munic\u00edpio. Em nota enviada a portais de not\u00edcias, a Secretaria de Sa\u00fade informou que foram registrados boletins de ocorr\u00eancia na manh\u00e3 desta segunda-feira (5), denunciando os furtos nas unidades localizadas no bairro Porto do Carro.<\/p>\n<p>De acordo com a administra\u00e7\u00e3o municipal, no ESF (Estrat\u00e9gia Sa\u00fade da Fam\u00edlia) do Porto do Carro, os criminosos levaram dois computadores, fios de cobre do sistema de ar-condicionado, um botij\u00e3o de g\u00e1s, dois ventiladores e at\u00e9 mantimentos como a\u00e7\u00facar e caf\u00e9. J\u00e1 no ambulat\u00f3rio Dem\u00e9trio Campos, vizinho \u00e0 unidade, foram furtados uma televis\u00e3o e um ventilador. A Prefeitura lamentou os preju\u00edzos e afirmou que medidas de refor\u00e7o na seguran\u00e7a j\u00e1 est\u00e3o sendo adotadas.<\/p>\n<p>As ocorr\u00eancias, por\u00e9m, n\u00e3o se limitaram a essa regi\u00e3o. Tamb\u00e9m foram registrados furtos no PSF do bairro Boca do Mato e no Ambulat\u00f3rio Dem\u00e9trio Ribeiro. As unidades tiveram suas instala\u00e7\u00f5es invadidas entre s\u00e1bado e domingo, per\u00edodo em que estavam fechadas. Os crimes s\u00f3 foram notados na manh\u00e3 de segunda-feira (5), quando as equipes chegaram para iniciar os atendimentos.<\/p>\n<p>No caso do PSF da Boca do Mato, os criminosos arrombaram as portas de entrada e levaram computadores essenciais para o funcionamento da unidade. Foi a estrutura mais danificada entre as duas, e ainda n\u00e3o h\u00e1 estimativa oficial sobre o total do preju\u00edzo. J\u00e1 no Ambulat\u00f3rio Dem\u00e9trio Ribeiro, foram arrombados cadeados internos e furtada uma televis\u00e3o \u2014 o impacto foi menor, mas os transtornos continuam.<\/p>\n<p>A Pol\u00edcia Civil j\u00e1 foi acionada para investigar os casos. Enquanto isso, a Prefeitura refor\u00e7a que a seguran\u00e7a nos pr\u00e9dios p\u00fablicos est\u00e1 sendo revista e ampliada para evitar novos\u00a0epis\u00f3dios.<\/p>\n","protected":false},"excerpt":{"rendered":"<p>A Prefeitura de Cabo Frio se pronunciou ap\u00f3s os epis\u00f3dios de invas\u00e3o registrados em duas unidades de sa\u00fade do munic\u00edpio. Em nota enviada a portais de not\u00edcias, a Secretaria de Sa\u00fade informou que foram registrados boletins de ocorr\u00eancia na manh\u00e3 desta segunda-feira (5), denunciando os furtos nas unidades localizadas no bairro Porto do Carro. De [&hellip;]<\/p>\n","protected":false},"author":2,"featured_media":17591,"comment_status":"open","ping_status":"open","sticky":true,"template":"","format":"standard","meta":{"footnotes":""},"categories":[340],"tags":[1896],"class_list":["post-17590","post","type-post","status-publish","format-standard","has-post-thumbnail","hentry","category-cabo-frio","tag-destaque"],"_links":{"self":[{"href":"https:\/\/blogdodanielgalvao.com.br\/site\/wp-json\/wp\/v2\/posts\/17590","targetHints":{"allow":["GET"]}}],"collection":[{"href":"https:\/\/blogdodanielgalvao.com.br\/site\/wp-json\/wp\/v2\/posts"}],"about":[{"href":"https:\/\/blogdodanielgalvao.com.br\/site\/wp-json\/wp\/v2\/types\/post"}],"author":[{"embeddable":true,"href":"https:\/\/blogdodanielgalvao.com.br\/site\/wp-json\/wp\/v2\/users\/2"}],"replies":[{"embeddable":true,"href":"https:\/\/blogdodanielgalvao.com.br\/site\/wp-json\/wp\/v2\/comments?post=17590"}],"version-history":[{"count":1,"href":"https:\/\/blogdodanielgalvao.com.br\/site\/wp-json\/wp\/v2\/posts\/17590\/revisions"}],"predecessor-version":[{"id":17592,"href":"https:\/\/blogdodanielgalvao.com.br\/site\/wp-json\/wp\/v2\/posts\/17590\/revisions\/17592"}],"wp:featuredmedia":[{"embeddable":true,"href":"https:\/\/blogdodanielgalvao.com.br\/site\/wp-json\/wp\/v2\/media\/17591"}],"wp:attachment":[{"href":"https:\/\/blogdodanielgalvao.com.br\/site\/wp-json\/wp\/v2\/media?parent=17590"}],"wp:term":[{"taxonomy":"category","embeddable":true,"href":"https:\/\/blogdodanielgalvao.com.br\/site\/wp-json\/wp\/v2\/categories?post=17590"},{"taxonomy":"post_tag","embeddable":true,"href":"https:\/\/blogdodanielgalvao.com.br\/site\/wp-json\/wp\/v2\/tags?post=17590"}],"curies":[{"name":"wp","href":"https:\/\/api.w.org\/{rel}","templated":true}]}}