{"id":17587,"date":"2025-05-05T14:05:57","date_gmt":"2025-05-05T17:05:57","guid":{"rendered":"https:\/\/blogdodanielgalvao.com.br\/site\/?p=17587"},"modified":"2025-05-05T14:05:57","modified_gmt":"2025-05-05T17:05:57","slug":"novo-capitulo-na-educacao-de-arraial-com-inauguracao-de-colegio-reformado-dia-7-de-maio","status":"publish","type":"post","link":"https:\/\/blogdodanielgalvao.com.br\/site\/novo-capitulo-na-educacao-de-arraial-com-inauguracao-de-colegio-reformado-dia-7-de-maio\/","title":{"rendered":"Novo cap\u00edtulo na educa\u00e7\u00e3o de Arraial com inaugura\u00e7\u00e3o de col\u00e9gio reformado dia 7 de maio"},"content":{"rendered":"<p>A cidade de Arraial do Cabo se prepara para celebrar mais um avan\u00e7o na \u00e1rea da educa\u00e7\u00e3o. Na pr\u00f3xima ter\u00e7a-feira, 7 de maio, \u00e0s 18h, ser\u00e1 oficialmente inaugurada a nova sede do Col\u00e9gio Municipal Francisco Porto de Aguiar, localizada na Praia dos Anjos.<\/p>\n<p>A nova estrutura ocupa aproximadamente 3 mil metros quadrados na Avenida Liberdade, ao lado da antiga escola e em frente \u00e0 sede da Prefeitura. Com capacidade para receber at\u00e9 1.200 estudantes, o novo espa\u00e7o mais que dobra o n\u00famero de vagas dispon\u00edveis atualmente.<\/p>\n<p>O edif\u00edcio possui tr\u00eas pavimentos. No andar t\u00e9rreo ficar\u00e3o os setores administrativos, como Secretaria, salas dos Professores, Dire\u00e7\u00e3o, Supervis\u00e3o, Enfermaria, al\u00e9m da cozinha, \u00e1rea de servi\u00e7o e refeit\u00f3rio com espa\u00e7o para mais de 100 alunos. Os dois andares superiores abrigar\u00e3o 18 salas de aula, audit\u00f3rio, laborat\u00f3rio de inform\u00e1tica, sala de artes e banheiros.<\/p>\n<p>Ap\u00f3s a mudan\u00e7a dos estudantes para o novo pr\u00e9dio, a Prefeitura dar\u00e1 in\u00edcio \u00e0 constru\u00e7\u00e3o da quadra esportiva coberta, que ser\u00e1 erguida no terreno ao lado.<\/p>\n<p>O secret\u00e1rio municipal de Educa\u00e7\u00e3o, Bernardo Alc\u00e2ntara, destacou a import\u00e2ncia do momento e fez um convite \u00e0 comunidade.<\/p>\n<p>\u201c\u00c9 uma conquista muito esperada por toda a comunidade escolar. Esse novo pr\u00e9dio representa um sonho realizado por estudantes, fam\u00edlias e educadores. Estamos muito orgulhosos e convidamos todos os moradores para participarem da cerim\u00f4nia de inaugura\u00e7\u00e3o no dia 7. \u00c9 um marco para a educa\u00e7\u00e3o p\u00fablica do munic\u00edpio\u201d, afirmou\u00a0o\u00a0secret\u00e1rio.<\/p>\n","protected":false},"excerpt":{"rendered":"<p>A cidade de Arraial do Cabo se prepara para celebrar mais um avan\u00e7o na \u00e1rea da educa\u00e7\u00e3o. Na pr\u00f3xima ter\u00e7a-feira, 7 de maio, \u00e0s 18h, ser\u00e1 oficialmente inaugurada a nova sede do Col\u00e9gio Municipal Francisco Porto de Aguiar, localizada na Praia dos Anjos. A nova estrutura ocupa aproximadamente 3 mil metros quadrados na Avenida Liberdade, [&hellip;]<\/p>\n","protected":false},"author":2,"featured_media":17588,"comment_status":"open","ping_status":"open","sticky":true,"template":"","format":"standard","meta":{"footnotes":""},"categories":[838],"tags":[1896],"class_list":["post-17587","post","type-post","status-publish","format-standard","has-post-thumbnail","hentry","category-arraial-do-cabo","tag-destaque"],"_links":{"self":[{"href":"https:\/\/blogdodanielgalvao.com.br\/site\/wp-json\/wp\/v2\/posts\/17587","targetHints":{"allow":["GET"]}}],"collection":[{"href":"https:\/\/blogdodanielgalvao.com.br\/site\/wp-json\/wp\/v2\/posts"}],"about":[{"href":"https:\/\/blogdodanielgalvao.com.br\/site\/wp-json\/wp\/v2\/types\/post"}],"author":[{"embeddable":true,"href":"https:\/\/blogdodanielgalvao.com.br\/site\/wp-json\/wp\/v2\/users\/2"}],"replies":[{"embeddable":true,"href":"https:\/\/blogdodanielgalvao.com.br\/site\/wp-json\/wp\/v2\/comments?post=17587"}],"version-history":[{"count":1,"href":"https:\/\/blogdodanielgalvao.com.br\/site\/wp-json\/wp\/v2\/posts\/17587\/revisions"}],"predecessor-version":[{"id":17589,"href":"https:\/\/blogdodanielgalvao.com.br\/site\/wp-json\/wp\/v2\/posts\/17587\/revisions\/17589"}],"wp:featuredmedia":[{"embeddable":true,"href":"https:\/\/blogdodanielgalvao.com.br\/site\/wp-json\/wp\/v2\/media\/17588"}],"wp:attachment":[{"href":"https:\/\/blogdodanielgalvao.com.br\/site\/wp-json\/wp\/v2\/media?parent=17587"}],"wp:term":[{"taxonomy":"category","embeddable":true,"href":"https:\/\/blogdodanielgalvao.com.br\/site\/wp-json\/wp\/v2\/categories?post=17587"},{"taxonomy":"post_tag","embeddable":true,"href":"https:\/\/blogdodanielgalvao.com.br\/site\/wp-json\/wp\/v2\/tags?post=17587"}],"curies":[{"name":"wp","href":"https:\/\/api.w.org\/{rel}","templated":true}]}}