{"id":17584,"date":"2025-05-05T13:48:11","date_gmt":"2025-05-05T16:48:11","guid":{"rendered":"https:\/\/blogdodanielgalvao.com.br\/site\/?p=17584"},"modified":"2025-05-05T13:48:11","modified_gmt":"2025-05-05T16:48:11","slug":"cabo-frio-lanca-programa-para-limpar-fiacoes-e-devolver-ordem-ao-visual-urbano","status":"publish","type":"post","link":"https:\/\/blogdodanielgalvao.com.br\/site\/cabo-frio-lanca-programa-para-limpar-fiacoes-e-devolver-ordem-ao-visual-urbano\/","title":{"rendered":"Cabo Frio lan\u00e7a programa para limpar fia\u00e7\u00f5es e devolver ordem ao visual urbano"},"content":{"rendered":"<p>A paisagem urbana de Cabo Frio come\u00e7a a passar por uma transforma\u00e7\u00e3o. A Secretaria da Cidade lan\u00e7ou, nesta segunda-feira (5), o Programa Limpa Fios \u2014 uma opera\u00e7\u00e3o para remover cabos desorganizados, inutilizados ou ca\u00eddos da rede el\u00e9trica e de telecomunica\u00e7\u00f5es, que acumulam-se nos postes e oferecem riscos \u00e0 popula\u00e7\u00e3o.<\/p>\n<p>O pontap\u00e9 inicial da a\u00e7\u00e3o foi dado no entorno do Largo S\u00e3o Benedito, no bairro da Passagem. O prefeito Dr. Serginho e o vice-prefeito Miguel Alencar, que tamb\u00e9m responde pela Secretaria da Cidade, acompanharam o trabalho das equipes diretamente no local.<\/p>\n<p>\u201c\u00c9 inadmiss\u00edvel que as empresas deixem esse emaranhado de cabos largados nos postes. Isso compromete a est\u00e9tica da cidade e coloca em risco a seguran\u00e7a de todos. Chega disso. Estamos assumindo o compromisso de mudar essa realidade\u201d, declarou o prefeito Dr. Serginho.<\/p>\n<p>A opera\u00e7\u00e3o tem como objetivo melhorar o aspecto visual da cidade e aumentar a seguran\u00e7a tanto para quem circula a p\u00e9 quanto para motoristas. Para a execu\u00e7\u00e3o dos servi\u00e7os, a Prefeitura conta com o suporte da Comsercaf, que disponibiliza m\u00e3o de obra t\u00e9cnica, caminh\u00e3o cesto, caminh\u00e3o ca\u00e7amba e atua em conjunto com concession\u00e1rias de energia e empresas de telecomunica\u00e7\u00f5es.<\/p>\n<p>\u201cDesde o come\u00e7o do m\u00eas estamos nos organizando para essa etapa. Fizemos reuni\u00f5es de alinhamento com as operadoras de internet e telefonia, al\u00e9m da concession\u00e1ria de energia. Mapeamos os pontos mais cr\u00edticos e vamos avan\u00e7ar para outras \u00e1reas. Nosso foco \u00e9 deixar Cabo Frio mais limpa, segura e visualmente organizada\u201d, afirmou Miguel Alencar.<\/p>\n<p>Ap\u00f3s a atua\u00e7\u00e3o na Passagem, o mutir\u00e3o segue para a \u00e1rea central da cidade e, em seguida, para o\u00a0bairro\u00a0Foguete.<\/p>\n","protected":false},"excerpt":{"rendered":"<p>A paisagem urbana de Cabo Frio come\u00e7a a passar por uma transforma\u00e7\u00e3o. A Secretaria da Cidade lan\u00e7ou, nesta segunda-feira (5), o Programa Limpa Fios \u2014 uma opera\u00e7\u00e3o para remover cabos desorganizados, inutilizados ou ca\u00eddos da rede el\u00e9trica e de telecomunica\u00e7\u00f5es, que acumulam-se nos postes e oferecem riscos \u00e0 popula\u00e7\u00e3o. O pontap\u00e9 inicial da a\u00e7\u00e3o foi [&hellip;]<\/p>\n","protected":false},"author":2,"featured_media":17585,"comment_status":"open","ping_status":"open","sticky":true,"template":"","format":"standard","meta":{"footnotes":""},"categories":[340],"tags":[1896],"class_list":["post-17584","post","type-post","status-publish","format-standard","has-post-thumbnail","hentry","category-cabo-frio","tag-destaque"],"_links":{"self":[{"href":"https:\/\/blogdodanielgalvao.com.br\/site\/wp-json\/wp\/v2\/posts\/17584","targetHints":{"allow":["GET"]}}],"collection":[{"href":"https:\/\/blogdodanielgalvao.com.br\/site\/wp-json\/wp\/v2\/posts"}],"about":[{"href":"https:\/\/blogdodanielgalvao.com.br\/site\/wp-json\/wp\/v2\/types\/post"}],"author":[{"embeddable":true,"href":"https:\/\/blogdodanielgalvao.com.br\/site\/wp-json\/wp\/v2\/users\/2"}],"replies":[{"embeddable":true,"href":"https:\/\/blogdodanielgalvao.com.br\/site\/wp-json\/wp\/v2\/comments?post=17584"}],"version-history":[{"count":1,"href":"https:\/\/blogdodanielgalvao.com.br\/site\/wp-json\/wp\/v2\/posts\/17584\/revisions"}],"predecessor-version":[{"id":17586,"href":"https:\/\/blogdodanielgalvao.com.br\/site\/wp-json\/wp\/v2\/posts\/17584\/revisions\/17586"}],"wp:featuredmedia":[{"embeddable":true,"href":"https:\/\/blogdodanielgalvao.com.br\/site\/wp-json\/wp\/v2\/media\/17585"}],"wp:attachment":[{"href":"https:\/\/blogdodanielgalvao.com.br\/site\/wp-json\/wp\/v2\/media?parent=17584"}],"wp:term":[{"taxonomy":"category","embeddable":true,"href":"https:\/\/blogdodanielgalvao.com.br\/site\/wp-json\/wp\/v2\/categories?post=17584"},{"taxonomy":"post_tag","embeddable":true,"href":"https:\/\/blogdodanielgalvao.com.br\/site\/wp-json\/wp\/v2\/tags?post=17584"}],"curies":[{"name":"wp","href":"https:\/\/api.w.org\/{rel}","templated":true}]}}