{"id":17581,"date":"2025-05-05T13:38:37","date_gmt":"2025-05-05T16:38:37","guid":{"rendered":"https:\/\/blogdodanielgalvao.com.br\/site\/?p=17581"},"modified":"2025-05-05T13:38:37","modified_gmt":"2025-05-05T16:38:37","slug":"cabo-frio-promove-oficinas-abertas-sobre-diretrizes-da-economia-azul","status":"publish","type":"post","link":"https:\/\/blogdodanielgalvao.com.br\/site\/cabo-frio-promove-oficinas-abertas-sobre-diretrizes-da-economia-azul\/","title":{"rendered":"Cabo Frio promove oficinas abertas sobre diretrizes da economia azul"},"content":{"rendered":"<p>A Secretaria Municipal de Gest\u00e3o Territorial e Economia Azul de Cabo Frio vai promover oficinas nos dias 15 e 22 de maio, \u00e0s 10h, no audit\u00f3rio da Universidade Veiga de Almeida. As atividades t\u00eam como objetivo discutir a Pol\u00edtica Municipal de Economia Azul, os mecanismos de governan\u00e7a relacionados ao tema e a elabora\u00e7\u00e3o do Plano Municipal. A iniciativa ser\u00e1 aberta ao p\u00fablico e busca reunir ideias, sugest\u00f5es e contribui\u00e7\u00f5es da sociedade civil.<\/p>\n<p>Segundo o secret\u00e1rio Matheus Monica, o envolvimento de diferentes setores \u2014 popula\u00e7\u00e3o, organiza\u00e7\u00f5es sociais e representantes do poder p\u00fablico \u2014 \u00e9 essencial para a constru\u00e7\u00e3o coletiva de uma pol\u00edtica mais inclusiva e representativa.<\/p>\n<p>\u201cPrecisamos garantir que a sociedade civil, os movimentos organizados e os diversos atores do poder p\u00fablico estejam juntos nesse processo. A constru\u00e7\u00e3o da pol\u00edtica de economia azul deve refletir os interesses reais da popula\u00e7\u00e3o. Essas oficinas representam um momento estrat\u00e9gico para consolidar uma vis\u00e3o democr\u00e1tica e sustent\u00e1vel para o futuro da cidade\u201d, destacou o secret\u00e1rio.<\/p>\n<p>A Prefeitura refor\u00e7a que a presen\u00e7a dos cidad\u00e3os ser\u00e1 fundamental para fortalecer o debate e dar mais legitimidade \u00e0s decis\u00f5es que envolvem o uso sustent\u00e1vel dos recursos marinhos e costeiros, um dos pilares da chamada\u00a0economia\u00a0azul.<\/p>\n","protected":false},"excerpt":{"rendered":"<p>A Secretaria Municipal de Gest\u00e3o Territorial e Economia Azul de Cabo Frio vai promover oficinas nos dias 15 e 22 de maio, \u00e0s 10h, no audit\u00f3rio da Universidade Veiga de Almeida. As atividades t\u00eam como objetivo discutir a Pol\u00edtica Municipal de Economia Azul, os mecanismos de governan\u00e7a relacionados ao tema e a elabora\u00e7\u00e3o do Plano [&hellip;]<\/p>\n","protected":false},"author":2,"featured_media":17582,"comment_status":"open","ping_status":"open","sticky":true,"template":"","format":"standard","meta":{"footnotes":""},"categories":[340],"tags":[1896],"class_list":["post-17581","post","type-post","status-publish","format-standard","has-post-thumbnail","hentry","category-cabo-frio","tag-destaque"],"_links":{"self":[{"href":"https:\/\/blogdodanielgalvao.com.br\/site\/wp-json\/wp\/v2\/posts\/17581","targetHints":{"allow":["GET"]}}],"collection":[{"href":"https:\/\/blogdodanielgalvao.com.br\/site\/wp-json\/wp\/v2\/posts"}],"about":[{"href":"https:\/\/blogdodanielgalvao.com.br\/site\/wp-json\/wp\/v2\/types\/post"}],"author":[{"embeddable":true,"href":"https:\/\/blogdodanielgalvao.com.br\/site\/wp-json\/wp\/v2\/users\/2"}],"replies":[{"embeddable":true,"href":"https:\/\/blogdodanielgalvao.com.br\/site\/wp-json\/wp\/v2\/comments?post=17581"}],"version-history":[{"count":1,"href":"https:\/\/blogdodanielgalvao.com.br\/site\/wp-json\/wp\/v2\/posts\/17581\/revisions"}],"predecessor-version":[{"id":17583,"href":"https:\/\/blogdodanielgalvao.com.br\/site\/wp-json\/wp\/v2\/posts\/17581\/revisions\/17583"}],"wp:featuredmedia":[{"embeddable":true,"href":"https:\/\/blogdodanielgalvao.com.br\/site\/wp-json\/wp\/v2\/media\/17582"}],"wp:attachment":[{"href":"https:\/\/blogdodanielgalvao.com.br\/site\/wp-json\/wp\/v2\/media?parent=17581"}],"wp:term":[{"taxonomy":"category","embeddable":true,"href":"https:\/\/blogdodanielgalvao.com.br\/site\/wp-json\/wp\/v2\/categories?post=17581"},{"taxonomy":"post_tag","embeddable":true,"href":"https:\/\/blogdodanielgalvao.com.br\/site\/wp-json\/wp\/v2\/tags?post=17581"}],"curies":[{"name":"wp","href":"https:\/\/api.w.org\/{rel}","templated":true}]}}