{"id":17578,"date":"2025-05-05T13:27:58","date_gmt":"2025-05-05T16:27:58","guid":{"rendered":"https:\/\/blogdodanielgalvao.com.br\/site\/?p=17578"},"modified":"2025-05-05T13:27:58","modified_gmt":"2025-05-05T16:27:58","slug":"bicicletas-tomam-as-ruas-em-passeio-que-celebra-o-dia-do-trabalhador-em-cabo-frio","status":"publish","type":"post","link":"https:\/\/blogdodanielgalvao.com.br\/site\/bicicletas-tomam-as-ruas-em-passeio-que-celebra-o-dia-do-trabalhador-em-cabo-frio\/","title":{"rendered":"Bicicletas tomam as ruas em passeio que celebra o Dia do Trabalhador em Cabo Frio"},"content":{"rendered":"<p>A noite da \u00faltima sexta-feira (2) foi embalada por energia, descontra\u00e7\u00e3o e esp\u00edrito coletivo em Cabo Frio. Como parte da programa\u00e7\u00e3o da Semana do Trabalhador, a Secretaria de Esporte e Lazer, junto \u00e0 Secretaria de Mobilidade Urbana, organizou a Pedalada do Trabalhador, que reuniu dezenas de ciclistas em um percurso vibrante pelas ruas da cidade.<\/p>\n<p>O trajeto teve in\u00edcio na Pra\u00e7a de S\u00e3o Crist\u00f3v\u00e3o e seguiu at\u00e9 a Praia do Forte. Ao longo do caminho, cerca de 50 pessoas \u2014 entre adultos e crian\u00e7as \u2014 participaram da pedalada em clima de confraterniza\u00e7\u00e3o, refor\u00e7ando o papel do esporte como vetor de socializa\u00e7\u00e3o e sa\u00fade.<\/p>\n<p>A atividade contou com o suporte da Guarda Civil Municipal, respons\u00e1vel por garantir a fluidez do tr\u00e2nsito e a seguran\u00e7a dos participantes. A a\u00e7\u00e3o reflete o empenho da Prefeitura em estimular h\u00e1bitos saud\u00e1veis, valorizar datas comemorativas e promover iniciativas que aproximem a comunidade do esporte e do lazer.<\/p>\n<p>De acordo com o secret\u00e1rio de Esporte e Lazer, Rafael Bernardo, a iniciativa superou as expectativas e simboliza uma nova etapa de coopera\u00e7\u00e3o entre diferentes setores da gest\u00e3o p\u00fablica.<\/p>\n<p>\u201cAgrade\u00e7o imensamente \u00e0 equipe da Secretaria de Mobilidade Urbana por essa colabora\u00e7\u00e3o que, sem d\u00favida, ser\u00e1 a primeira de muitas. Trabalhar em parceria \u00e9 essencial. O evento foi um sucesso, com grande participa\u00e7\u00e3o e apoio da Guarda Municipal. Nosso objetivo de fomentar o esporte foi alcan\u00e7ado \u2014 e ainda temos muitos outros projetos pela frente\u201d, destacou\u00a0o\u00a0secret\u00e1rio.<\/p>\n","protected":false},"excerpt":{"rendered":"<p>A noite da \u00faltima sexta-feira (2) foi embalada por energia, descontra\u00e7\u00e3o e esp\u00edrito coletivo em Cabo Frio. Como parte da programa\u00e7\u00e3o da Semana do Trabalhador, a Secretaria de Esporte e Lazer, junto \u00e0 Secretaria de Mobilidade Urbana, organizou a Pedalada do Trabalhador, que reuniu dezenas de ciclistas em um percurso vibrante pelas ruas da cidade. [&hellip;]<\/p>\n","protected":false},"author":2,"featured_media":17579,"comment_status":"open","ping_status":"open","sticky":true,"template":"","format":"standard","meta":{"footnotes":""},"categories":[340],"tags":[1896],"class_list":["post-17578","post","type-post","status-publish","format-standard","has-post-thumbnail","hentry","category-cabo-frio","tag-destaque"],"_links":{"self":[{"href":"https:\/\/blogdodanielgalvao.com.br\/site\/wp-json\/wp\/v2\/posts\/17578","targetHints":{"allow":["GET"]}}],"collection":[{"href":"https:\/\/blogdodanielgalvao.com.br\/site\/wp-json\/wp\/v2\/posts"}],"about":[{"href":"https:\/\/blogdodanielgalvao.com.br\/site\/wp-json\/wp\/v2\/types\/post"}],"author":[{"embeddable":true,"href":"https:\/\/blogdodanielgalvao.com.br\/site\/wp-json\/wp\/v2\/users\/2"}],"replies":[{"embeddable":true,"href":"https:\/\/blogdodanielgalvao.com.br\/site\/wp-json\/wp\/v2\/comments?post=17578"}],"version-history":[{"count":1,"href":"https:\/\/blogdodanielgalvao.com.br\/site\/wp-json\/wp\/v2\/posts\/17578\/revisions"}],"predecessor-version":[{"id":17580,"href":"https:\/\/blogdodanielgalvao.com.br\/site\/wp-json\/wp\/v2\/posts\/17578\/revisions\/17580"}],"wp:featuredmedia":[{"embeddable":true,"href":"https:\/\/blogdodanielgalvao.com.br\/site\/wp-json\/wp\/v2\/media\/17579"}],"wp:attachment":[{"href":"https:\/\/blogdodanielgalvao.com.br\/site\/wp-json\/wp\/v2\/media?parent=17578"}],"wp:term":[{"taxonomy":"category","embeddable":true,"href":"https:\/\/blogdodanielgalvao.com.br\/site\/wp-json\/wp\/v2\/categories?post=17578"},{"taxonomy":"post_tag","embeddable":true,"href":"https:\/\/blogdodanielgalvao.com.br\/site\/wp-json\/wp\/v2\/tags?post=17578"}],"curies":[{"name":"wp","href":"https:\/\/api.w.org\/{rel}","templated":true}]}}