{"id":17573,"date":"2025-05-05T13:04:54","date_gmt":"2025-05-05T16:04:54","guid":{"rendered":"https:\/\/blogdodanielgalvao.com.br\/site\/?p=17573"},"modified":"2025-05-05T13:04:54","modified_gmt":"2025-05-05T16:04:54","slug":"homem-e-preso-em-flagrante-ao-furtar-obra-em-campos-dos-goytacazes","status":"publish","type":"post","link":"https:\/\/blogdodanielgalvao.com.br\/site\/homem-e-preso-em-flagrante-ao-furtar-obra-em-campos-dos-goytacazes\/","title":{"rendered":"Homem \u00e9 preso em flagrante ao furtar obra em Campos dos Goytacazes"},"content":{"rendered":"<p>A Pol\u00edcia Militar prendeu em Campos no \u00faltimo final de semana um homem acusado de furto. O caso aconteceu no \u00faltimo domingo (4) em uma obra na Rua Visconde de Itabora\u00ed, no bairro Parque Ros\u00e1rio. As informa\u00e7\u00f5es apontam que ele pulou o muro de uma resid\u00eancia e furtou equipamentos da obra.<\/p>\n<p>Os agentes foram alertados por um morador, que afirmou ter visto o suspeito pulando o muro. A pol\u00edcia ent\u00e3o fez uma busca e conseguiu localizar o suspeito, que estava em uma bicicleta de carga.<\/p>\n<p>Na abordagem foram encontrados um fog\u00e3o el\u00e9trico, duas maquitas, uma furadeira e uma esmerilhadeira. Em contato com os policiais, o homem confessou o furto. O caso foi encaminhado para a 134\u00aa Delegacia de Pol\u00edcia, onde foi registrado. O homem permaneceu preso.<\/p>\n","protected":false},"excerpt":{"rendered":"<p>A Pol\u00edcia Militar prendeu em Campos no \u00faltimo final de semana um homem acusado de furto. O caso aconteceu no \u00faltimo domingo (4) em uma obra na Rua Visconde de Itabora\u00ed, no bairro Parque Ros\u00e1rio. As informa\u00e7\u00f5es apontam que ele pulou o muro de uma resid\u00eancia e furtou equipamentos da obra. Os agentes foram alertados [&hellip;]<\/p>\n","protected":false},"author":2,"featured_media":17574,"comment_status":"open","ping_status":"open","sticky":true,"template":"","format":"standard","meta":{"footnotes":""},"categories":[1899],"tags":[2106],"class_list":["post-17573","post","type-post","status-publish","format-standard","has-post-thumbnail","hentry","category-policia","tag-policia-campos"],"_links":{"self":[{"href":"https:\/\/blogdodanielgalvao.com.br\/site\/wp-json\/wp\/v2\/posts\/17573","targetHints":{"allow":["GET"]}}],"collection":[{"href":"https:\/\/blogdodanielgalvao.com.br\/site\/wp-json\/wp\/v2\/posts"}],"about":[{"href":"https:\/\/blogdodanielgalvao.com.br\/site\/wp-json\/wp\/v2\/types\/post"}],"author":[{"embeddable":true,"href":"https:\/\/blogdodanielgalvao.com.br\/site\/wp-json\/wp\/v2\/users\/2"}],"replies":[{"embeddable":true,"href":"https:\/\/blogdodanielgalvao.com.br\/site\/wp-json\/wp\/v2\/comments?post=17573"}],"version-history":[{"count":1,"href":"https:\/\/blogdodanielgalvao.com.br\/site\/wp-json\/wp\/v2\/posts\/17573\/revisions"}],"predecessor-version":[{"id":17575,"href":"https:\/\/blogdodanielgalvao.com.br\/site\/wp-json\/wp\/v2\/posts\/17573\/revisions\/17575"}],"wp:featuredmedia":[{"embeddable":true,"href":"https:\/\/blogdodanielgalvao.com.br\/site\/wp-json\/wp\/v2\/media\/17574"}],"wp:attachment":[{"href":"https:\/\/blogdodanielgalvao.com.br\/site\/wp-json\/wp\/v2\/media?parent=17573"}],"wp:term":[{"taxonomy":"category","embeddable":true,"href":"https:\/\/blogdodanielgalvao.com.br\/site\/wp-json\/wp\/v2\/categories?post=17573"},{"taxonomy":"post_tag","embeddable":true,"href":"https:\/\/blogdodanielgalvao.com.br\/site\/wp-json\/wp\/v2\/tags?post=17573"}],"curies":[{"name":"wp","href":"https:\/\/api.w.org\/{rel}","templated":true}]}}