{"id":17564,"date":"2025-05-05T11:26:58","date_gmt":"2025-05-05T14:26:58","guid":{"rendered":"https:\/\/blogdodanielgalvao.com.br\/site\/?p=17564"},"modified":"2025-05-05T11:26:58","modified_gmt":"2025-05-05T14:26:58","slug":"saude-na-mochila-com-campanha-de-vacinacao-escolar-em-cabo-frio","status":"publish","type":"post","link":"https:\/\/blogdodanielgalvao.com.br\/site\/saude-na-mochila-com-campanha-de-vacinacao-escolar-em-cabo-frio\/","title":{"rendered":"Sa\u00fade na mochila com campanha de vacina\u00e7\u00e3o escolar em Cabo Frio"},"content":{"rendered":"<p>A mobiliza\u00e7\u00e3o da Prefeitura de Cabo Frio para refor\u00e7ar a imuniza\u00e7\u00e3o nas escolas da rede municipal come\u00e7a nesta ter\u00e7a-feira (6), com a presen\u00e7a da equipe de sa\u00fade na Escola Municipal Professora M\u00e1rcia Francesconi Pereira, localizada no Parque Burle. Ser\u00e3o oferecidas diversas vacinas, como HPV, Meningo ACWY, febre amarela e tr\u00edplice viral (sarampo, caxumba e rub\u00e9ola), entre outras previstas no calend\u00e1rio nacional.<\/p>\n<p>Para receber as doses, os alunos precisam apresentar a caderneta de vacina\u00e7\u00e3o. Menores de 12 anos devem estar acompanhados por um respons\u00e1vel e apresentar autoriza\u00e7\u00e3o assinada. J\u00e1 os maiores de 12 anos precisam apenas levar a caderneta e o documento de consentimento.<\/p>\n<p>A campanha ter\u00e1 continuidade nas semanas seguintes, percorrendo diferentes escolas da rede. No dia 14 de maio, a equipe de vacina\u00e7\u00e3o vai at\u00e9 a Escola Municipal Leomari Garcia Barreto, no bairro Tangar\u00e1. Em 21 de maio, a a\u00e7\u00e3o segue para a Escola Municipal Evaldo Salles, no Per\u00f3. A \u00faltima etapa programada acontece em 10 de junho, na Escola Agr\u00edcola Municipal Nilo Batista, em Campos Novos.<\/p>\n<p>Segundo Patr\u00edcia Freitas, coordenadora do Programa de Imuniza\u00e7\u00e3o da Secretaria de Sa\u00fade, o foco est\u00e1 na atualiza\u00e7\u00e3o da caderneta vacinal dos adolescentes. \u201cEssa a\u00e7\u00e3o \u00e9 uma forma de lembrar a import\u00e2ncia das vacinas na preven\u00e7\u00e3o de doen\u00e7as e na prote\u00e7\u00e3o coletiva. Ao imunizar nossos jovens, protegemos toda a comunidade\u201d, refor\u00e7a.<\/p>\n<p>A iniciativa \u00e9 conduzida pela Secretaria Municipal de Sa\u00fade com o objetivo de garantir que os estudantes estejam com as vacinas em dia, conforme as diretrizes do Programa Nacional de Imuniza\u00e7\u00f5es do Minist\u00e9rio\u00a0da\u00a0Sa\u00fade.<\/p>\n","protected":false},"excerpt":{"rendered":"<p>A mobiliza\u00e7\u00e3o da Prefeitura de Cabo Frio para refor\u00e7ar a imuniza\u00e7\u00e3o nas escolas da rede municipal come\u00e7a nesta ter\u00e7a-feira (6), com a presen\u00e7a da equipe de sa\u00fade na Escola Municipal Professora M\u00e1rcia Francesconi Pereira, localizada no Parque Burle. Ser\u00e3o oferecidas diversas vacinas, como HPV, Meningo ACWY, febre amarela e tr\u00edplice viral (sarampo, caxumba e rub\u00e9ola), [&hellip;]<\/p>\n","protected":false},"author":2,"featured_media":17565,"comment_status":"open","ping_status":"open","sticky":true,"template":"","format":"standard","meta":{"footnotes":""},"categories":[340],"tags":[1896],"class_list":["post-17564","post","type-post","status-publish","format-standard","has-post-thumbnail","hentry","category-cabo-frio","tag-destaque"],"_links":{"self":[{"href":"https:\/\/blogdodanielgalvao.com.br\/site\/wp-json\/wp\/v2\/posts\/17564","targetHints":{"allow":["GET"]}}],"collection":[{"href":"https:\/\/blogdodanielgalvao.com.br\/site\/wp-json\/wp\/v2\/posts"}],"about":[{"href":"https:\/\/blogdodanielgalvao.com.br\/site\/wp-json\/wp\/v2\/types\/post"}],"author":[{"embeddable":true,"href":"https:\/\/blogdodanielgalvao.com.br\/site\/wp-json\/wp\/v2\/users\/2"}],"replies":[{"embeddable":true,"href":"https:\/\/blogdodanielgalvao.com.br\/site\/wp-json\/wp\/v2\/comments?post=17564"}],"version-history":[{"count":1,"href":"https:\/\/blogdodanielgalvao.com.br\/site\/wp-json\/wp\/v2\/posts\/17564\/revisions"}],"predecessor-version":[{"id":17566,"href":"https:\/\/blogdodanielgalvao.com.br\/site\/wp-json\/wp\/v2\/posts\/17564\/revisions\/17566"}],"wp:featuredmedia":[{"embeddable":true,"href":"https:\/\/blogdodanielgalvao.com.br\/site\/wp-json\/wp\/v2\/media\/17565"}],"wp:attachment":[{"href":"https:\/\/blogdodanielgalvao.com.br\/site\/wp-json\/wp\/v2\/media?parent=17564"}],"wp:term":[{"taxonomy":"category","embeddable":true,"href":"https:\/\/blogdodanielgalvao.com.br\/site\/wp-json\/wp\/v2\/categories?post=17564"},{"taxonomy":"post_tag","embeddable":true,"href":"https:\/\/blogdodanielgalvao.com.br\/site\/wp-json\/wp\/v2\/tags?post=17564"}],"curies":[{"name":"wp","href":"https:\/\/api.w.org\/{rel}","templated":true}]}}