{"id":17541,"date":"2025-05-03T14:35:54","date_gmt":"2025-05-03T17:35:54","guid":{"rendered":"https:\/\/blogdodanielgalvao.com.br\/site\/?p=17541"},"modified":"2025-05-03T14:35:54","modified_gmt":"2025-05-03T17:35:54","slug":"prefeito-welberth-celebra-numeros-da-geracao-de-empregos-em-macae-em-2025","status":"publish","type":"post","link":"https:\/\/blogdodanielgalvao.com.br\/site\/prefeito-welberth-celebra-numeros-da-geracao-de-empregos-em-macae-em-2025\/","title":{"rendered":"Prefeito Welberth celebra n\u00fameros da gera\u00e7\u00e3o de empregos em Maca\u00e9 em 2025"},"content":{"rendered":"<p>Em publica\u00e7\u00e3o nas redes sociais na manh\u00e3 desse s\u00e1bado, 3, o prefeito de Maca\u00e9, Welberth Rezende (CIDADANIA), comemorou os n\u00fameros da gera\u00e7\u00e3o de empregos na cidade no \u00faltimo m\u00eas de mar\u00e7o, e nos primeiros 3 meses de 2025.<\/p>\n<p>De acordo com dados do Cadastro Geral de Empregados e Desempregados (Novo Caged), do governo federal, o munic\u00edpio contabilizou um saldo positivo de mil novas vagas com carteira assinada criadas em mar\u00e7o, elevando para 3009 postos de trabalho criados entre janeiro e mar\u00e7o de 2025.<\/p>\n<p>\u201cForam mais de mil novos postos de trabalho. E junto com os demais meses, d\u00e1 um acumulado de mais de 3 mil novos postos de emprego. E isso levando em considera\u00e7\u00e3o apenas os 3 primeiros meses desse ano. S\u00f3 para voc\u00ea ter uma ideia do que esse n\u00famero hist\u00f3rico representa, a nossa cidade gerou, sozinha, mais vagas de emprego que os estados do Acre (AC), Alagoas (AL), Para\u00edba (PB), Pernambuco (PE), Rio Grande do Norte (RN) e Sergipe (SE), todos juntos. Ou seja, somando todas as vagas criadas nesses estados nos 3 primeiros meses desse ano\u201d, afirmou Welberth.<\/p>\n<p>No v\u00eddeo, sempre bem humorado, o prefeito aparece a bordo de um foguete rumo \u00e0s alturas, refor\u00e7ando o bom momento que o munic\u00edpio atravessa, fruto de pol\u00edticas da atual gest\u00e3o, como ressalta o pr\u00f3prio prefeito.<\/p>\n<p>\u201cE isso s\u00f3 est\u00e1 sendo poss\u00edvel porque estamos facilitando a vida de quem quer empreender em nossa cidade, e principalmente, qualificando a m\u00e3o de obra para ocupar esses postos de trabalho. E \u00e9 por isso que todo dia que Maca\u00e9 est\u00e1 bombando\u201d, avalia Welberth.<\/p>\n","protected":false},"excerpt":{"rendered":"<p>Em publica\u00e7\u00e3o nas redes sociais na manh\u00e3 desse s\u00e1bado, 3, o prefeito de Maca\u00e9, Welberth Rezende (CIDADANIA), comemorou os n\u00fameros da gera\u00e7\u00e3o de empregos na cidade no \u00faltimo m\u00eas de mar\u00e7o, e nos primeiros 3 meses de 2025. De acordo com dados do Cadastro Geral de Empregados e Desempregados (Novo Caged), do governo federal, o [&hellip;]<\/p>\n","protected":false},"author":2,"featured_media":17542,"comment_status":"open","ping_status":"open","sticky":true,"template":"","format":"standard","meta":{"footnotes":""},"categories":[2],"tags":[1896],"class_list":["post-17541","post","type-post","status-publish","format-standard","has-post-thumbnail","hentry","category-macae","tag-destaque"],"_links":{"self":[{"href":"https:\/\/blogdodanielgalvao.com.br\/site\/wp-json\/wp\/v2\/posts\/17541","targetHints":{"allow":["GET"]}}],"collection":[{"href":"https:\/\/blogdodanielgalvao.com.br\/site\/wp-json\/wp\/v2\/posts"}],"about":[{"href":"https:\/\/blogdodanielgalvao.com.br\/site\/wp-json\/wp\/v2\/types\/post"}],"author":[{"embeddable":true,"href":"https:\/\/blogdodanielgalvao.com.br\/site\/wp-json\/wp\/v2\/users\/2"}],"replies":[{"embeddable":true,"href":"https:\/\/blogdodanielgalvao.com.br\/site\/wp-json\/wp\/v2\/comments?post=17541"}],"version-history":[{"count":1,"href":"https:\/\/blogdodanielgalvao.com.br\/site\/wp-json\/wp\/v2\/posts\/17541\/revisions"}],"predecessor-version":[{"id":17543,"href":"https:\/\/blogdodanielgalvao.com.br\/site\/wp-json\/wp\/v2\/posts\/17541\/revisions\/17543"}],"wp:featuredmedia":[{"embeddable":true,"href":"https:\/\/blogdodanielgalvao.com.br\/site\/wp-json\/wp\/v2\/media\/17542"}],"wp:attachment":[{"href":"https:\/\/blogdodanielgalvao.com.br\/site\/wp-json\/wp\/v2\/media?parent=17541"}],"wp:term":[{"taxonomy":"category","embeddable":true,"href":"https:\/\/blogdodanielgalvao.com.br\/site\/wp-json\/wp\/v2\/categories?post=17541"},{"taxonomy":"post_tag","embeddable":true,"href":"https:\/\/blogdodanielgalvao.com.br\/site\/wp-json\/wp\/v2\/tags?post=17541"}],"curies":[{"name":"wp","href":"https:\/\/api.w.org\/{rel}","templated":true}]}}