{"id":17519,"date":"2025-05-02T16:52:36","date_gmt":"2025-05-02T19:52:36","guid":{"rendered":"https:\/\/blogdodanielgalvao.com.br\/site\/?p=17519"},"modified":"2025-05-02T16:52:36","modified_gmt":"2025-05-02T19:52:36","slug":"tecnicos-ambientais-aprendem-metodo-internacional-em-cabo-frio-para-conter-derramamento-de-oleo","status":"publish","type":"post","link":"https:\/\/blogdodanielgalvao.com.br\/site\/tecnicos-ambientais-aprendem-metodo-internacional-em-cabo-frio-para-conter-derramamento-de-oleo\/","title":{"rendered":"T\u00e9cnicos ambientais aprendem m\u00e9todo internacional em Cabo Frio para conter derramamento de \u00f3leo"},"content":{"rendered":"<p>Visando aprimorar a capacidade de resposta a emerg\u00eancias ambientais, integrantes da Secretaria de Meio Ambiente, Saneamento e Clima de Cabo Frio participaram, na quarta-feira (30), de um curso voltado \u00e0 atua\u00e7\u00e3o em situa\u00e7\u00f5es de derramamento de \u00f3leo. A capacita\u00e7\u00e3o aconteceu no Instituto de Estudos do Mar Almirante Paulo Moreira (IEAPM), em Arraial do Cabo, e foi organizada pelo Instituto Estadual do Ambiente (Inea), com apoio do Ibama e da Marinha do Brasil.<\/p>\n<p>O treinamento apresentou o m\u00e9todo internacional SCAT (Shoreline Clean-up Assessment Technique), reconhecido mundialmente pela efic\u00e1cia na avalia\u00e7\u00e3o e descontamina\u00e7\u00e3o de \u00e1reas costeiras afetadas por \u00f3leo. O conte\u00fado abordou desde estrat\u00e9gias de conten\u00e7\u00e3o e remo\u00e7\u00e3o do poluente, at\u00e9 o descarte de res\u00edduos, higieniza\u00e7\u00e3o de equipamentos de prote\u00e7\u00e3o individual e planejamento de a\u00e7\u00f5es conforme o tipo de terreno \u2014 como praias arenosas ou forma\u00e7\u00f5es rochosas.<\/p>\n<p>Al\u00e9m das instru\u00e7\u00f5es te\u00f3ricas, os participantes passaram por exerc\u00edcios pr\u00e1ticos simulando situa\u00e7\u00f5es reais, com base em protocolos adotados em opera\u00e7\u00f5es internacionais. A iniciativa contou com a presen\u00e7a de profissionais de diversos munic\u00edpios da Regi\u00e3o dos Lagos, al\u00e9m de gestores de unidades de conserva\u00e7\u00e3o das esferas federal, estadual e municipal.<\/p>\n<p>Cabo Frio foi representada pelos bi\u00f3logos Marcos Vargas e Paulo Henrique, que ressaltaram o valor da forma\u00e7\u00e3o para fortalecer a prontid\u00e3o do munic\u00edpio diante de poss\u00edveis desastres ambientais. \u201cO treinamento nos deu ferramentas para agir com mais agilidade e seguran\u00e7a, ampliando nossa capacidade de proteger o litoral em cen\u00e1rios de crise\u201d, afirmou Marcos.<\/p>\n<p>Para Paulo Henrique, a capacita\u00e7\u00e3o tamb\u00e9m estreita la\u00e7os entre os \u00f3rg\u00e3os ambientais. \u201c\u00c9 essencial termos um alinhamento t\u00e9cnico entre os munic\u00edpios para responder de forma integrada e eficiente a esse tipo de emerg\u00eancia\u201d, destacou.<\/p>\n<p>Atualmente, Cabo Frio j\u00e1 possui uma minuta do seu Plano de Resposta a Vazamentos de \u00d3leo, criada em 2019 com a participa\u00e7\u00e3o da Petrobras, da Defesa Civil e da Guarda Mar\u00edtima Ambiental. A gest\u00e3o municipal discute, agora, a atualiza\u00e7\u00e3o do documento, a fim de adapt\u00e1-lo \u00e0s mudan\u00e7as institucionais e estruturais, com objetivo de oficializar a nova vers\u00e3o\u00a0em\u00a0breve.<\/p>\n","protected":false},"excerpt":{"rendered":"<p>Visando aprimorar a capacidade de resposta a emerg\u00eancias ambientais, integrantes da Secretaria de Meio Ambiente, Saneamento e Clima de Cabo Frio participaram, na quarta-feira (30), de um curso voltado \u00e0 atua\u00e7\u00e3o em situa\u00e7\u00f5es de derramamento de \u00f3leo. A capacita\u00e7\u00e3o aconteceu no Instituto de Estudos do Mar Almirante Paulo Moreira (IEAPM), em Arraial do Cabo, e [&hellip;]<\/p>\n","protected":false},"author":2,"featured_media":17520,"comment_status":"open","ping_status":"open","sticky":true,"template":"","format":"standard","meta":{"footnotes":""},"categories":[340],"tags":[1896],"class_list":["post-17519","post","type-post","status-publish","format-standard","has-post-thumbnail","hentry","category-cabo-frio","tag-destaque"],"_links":{"self":[{"href":"https:\/\/blogdodanielgalvao.com.br\/site\/wp-json\/wp\/v2\/posts\/17519","targetHints":{"allow":["GET"]}}],"collection":[{"href":"https:\/\/blogdodanielgalvao.com.br\/site\/wp-json\/wp\/v2\/posts"}],"about":[{"href":"https:\/\/blogdodanielgalvao.com.br\/site\/wp-json\/wp\/v2\/types\/post"}],"author":[{"embeddable":true,"href":"https:\/\/blogdodanielgalvao.com.br\/site\/wp-json\/wp\/v2\/users\/2"}],"replies":[{"embeddable":true,"href":"https:\/\/blogdodanielgalvao.com.br\/site\/wp-json\/wp\/v2\/comments?post=17519"}],"version-history":[{"count":1,"href":"https:\/\/blogdodanielgalvao.com.br\/site\/wp-json\/wp\/v2\/posts\/17519\/revisions"}],"predecessor-version":[{"id":17521,"href":"https:\/\/blogdodanielgalvao.com.br\/site\/wp-json\/wp\/v2\/posts\/17519\/revisions\/17521"}],"wp:featuredmedia":[{"embeddable":true,"href":"https:\/\/blogdodanielgalvao.com.br\/site\/wp-json\/wp\/v2\/media\/17520"}],"wp:attachment":[{"href":"https:\/\/blogdodanielgalvao.com.br\/site\/wp-json\/wp\/v2\/media?parent=17519"}],"wp:term":[{"taxonomy":"category","embeddable":true,"href":"https:\/\/blogdodanielgalvao.com.br\/site\/wp-json\/wp\/v2\/categories?post=17519"},{"taxonomy":"post_tag","embeddable":true,"href":"https:\/\/blogdodanielgalvao.com.br\/site\/wp-json\/wp\/v2\/tags?post=17519"}],"curies":[{"name":"wp","href":"https:\/\/api.w.org\/{rel}","templated":true}]}}